{"id":1987,"date":"2020-10-29T07:02:00","date_gmt":"2020-10-29T07:02:00","guid":{"rendered":"https:\/\/test-bv.gambiocloud.com\/blog\/2020\/10\/29\/man-kann-es-doch-nicht-kommunizieren\/"},"modified":"2023-02-21T15:49:13","modified_gmt":"2023-02-21T14:49:13","slug":"man-kann-es-doch-nicht-kommunizieren","status":"publish","type":"post","link":"https:\/\/www.businessvillage.de\/blog\/man-kann-es-doch-nicht-kommunizieren\/","title":{"rendered":"Man kann es doch: Nicht kommunizieren!"},"content":{"rendered":"\n<p><strong>Das Sinnbild der Kommunikation ist das Sender\/Empf\u00e4nger-Modell. Der eine \u00fcbermittelt, der andere versteht &#8211; so die Theorie. Doch in der Praxis sieht es oft anders aus. Die aufwendig produzierten und gesendeten Botschaften verpuffen wirkungslos. Und das hat einen einfachen Grund wie Dr. Stefan Fourier anschaulich zeigt: Oftmals werden Information und Kommunikation verwechselt.<\/strong><\/p>\n\n\n\n<p>Beim Thema Kommunikation denken die meisten Leute sofort an das anschauliche Sender\/Empf\u00e4nger-Modell, welches auf Schulz von Thun zur\u00fcckgeht. Der Sender \u00fcbermittelt eine Botschaft, der Empf\u00e4nger versteht sie, die Kommunikation funktioniert. In Wirklichkeit ist es allerdings nicht ganz so einfach, wie viele <a href=\"https:\/\/www.businessvillage.de\/blog\/wie-wir-erfolgsfaktoren-aktivieren\/\">F\u00fchrungskr\u00e4fte<\/a> immer wieder erfahren m\u00fcssen. Sie stecken viel Aufwand in ihre Botschaften und deren \u00dcbermittlung, sind dann allerdings h\u00e4ufig entt\u00e4uscht \u00fcber die Wirkung, die sie bei ihren Mitarbeitern oder in der \u00d6ffentlichkeit erzielen. Der Grund ist ganz einfach: Sie verwechseln Information und Kommunikation.<\/p>\n\n\n\n<p>Informationen sind Sachverhalte, die in einem Informationsprozess, verbal oder schriftlich oder digital, verbreitet werden. Und damit besch\u00e4ftigen sich \u201eSender\u201c, also in unserem Zusammenhang F\u00fchrungskr\u00e4fte, prim\u00e4r und mitunter ausschlie\u00dflich. Allerdings fehlt hier noch Wesentliches, damit die Information auch tats\u00e4chlich ankommt. Jetzt muss n\u00e4mlich erst noch die Gegenseite, der Empf\u00e4nger, aktiv werden. Er muss zun\u00e4chst das, was da ankommt als Information erkennen und deren Sinn verstehen. Das ist ein komplexer Prozess, der ganz wesentlich von der Verfasstheit des Empf\u00e4ngers abh\u00e4ngt. In seinem Gehirn l\u00e4uft dabei ein Vergleich ab, ob das Ankommende zu irgendeiner Erinnerungsstruktur passt, zumindest ein bisschen, so dass eine Art Resonanz entsteht. Diese Resonanz ist notwendige Voraussetzung f\u00fcr das Erkennen einer Information als Information und deren Verstehen. Das Resonanzverm\u00f6gen des Empf\u00e4ngers h\u00e4ngt von seinem Bildungsstand, von seinen Vorerfahrungen mit dem Sender, von seiner aktuellen Stimmung, aber auch in besonderem Ma\u00dfe von seinem kulturellen Hintergrund und seiner Sozialisation ab. Hier befinden wir uns l\u00e4ngst nicht mehr auf rationalem Terrain, sondern die Sinnselektion des Empf\u00e4ngers wird ganz stark von Vorerfahrungen und Emotionen beeinflusst, kurz vom Unbewussten.<\/p>\n\n\n\n<figure class=\"wp-block-image\"><a href=\"https:\/\/www.businessvillage.de\/wir-fuehrt\/eb-1085.html\"><img decoding=\"async\" src=\"\/images\/product_images\/info_images\/1085.jpg\" alt=\"\"\/><\/a><\/figure>\n\n\n\n<p>Ohne die Analyse dieser hochkomplexen Vorg\u00e4nge jetzt weiter verkomplizieren zu wollen, bleibt unter dem Strich das Fazit:<\/p>\n\n\n\n<p>Kommunikation ist weit mehr als die Versendung von Informationen. Das ist nur der geringste und eigentlich triviale Teil. Der f\u00fcr Kommunikationsverlauf und -ergebnis wesentlich gravierendere Teil spielt sich auf der Empf\u00e4ngerseite ab.<\/p>\n\n\n\n<p>Wenn also F\u00fchrungskr\u00e4fte \u2013 was sie oft tun \u2013 sich ausschlie\u00dflich auf das Senden konzentrieren, dann ist das noch l\u00e4ngst keine Kommunikation, weil n\u00e4mlich der entscheidende Teil fehlt. Sie kommunizieren nicht, sondern sie informieren nur. Damit erreichen sie niemals die Gegenseite, sondern verlieren sie sogar. Wir k\u00f6nnen das jeden Tag beobachten, nicht nur in Unternehmen sondern auch in der Politik.<\/p>\n\n\n\n<h2 class=\"wp-block-heading\">Es gibt ein Gegenmittel<\/h2>\n\n\n\n<p>Sender, egal wer sich in dieser Rolle befindet, m\u00fcssen sich mit der Gegenseite besch\u00e4ftigen. Nur wenn sie die Empf\u00e4nger kennen, werden sie die Chancen f\u00fcr Resonanz auf ihre Informationen erh\u00f6hen. Und um das zu schaffen, darf der Sender nicht nur seine Informationen in Richtung des Empf\u00e4ngers schieben, sondern er muss einen echten Austausch herbeif\u00fchren, idealerweise bereits bevor er seine Informationen losschickt. Also F\u00fchrungskr\u00e4fte: Lasst uns mehr reden!<\/p>\n\n\n\n<p>Lebendige Gespr\u00e4che sind die wahre Kommunikation, deren Sinn in der Entwicklung von Beziehungen besteht und sich im Austausch verwirklicht. Solange F\u00fchrungskr\u00e4fte nur Ansagen machen, kommunizieren sie nicht. Kommunikation erfordert lebendigen Dialog. Wer das beherrscht und pflegt, gewinnt seine Leute und sie werden ihm folgen. Das ist F\u00fchrung!<\/p>\n\n\n\n<p>Das unten stehende Bild zeigt das Resonanzmodell, mit dessen Hilfe wir bei Humanagement den grundlegenden Kommunikationsmechanismus verdeutlichen:<\/p>\n","protected":false},"excerpt":{"rendered":"<p>Das Sinnbild der Kommunikation ist das Sender\/Empf\u00e4nger-Modell. Der eine \u00fcbermittelt, der andere versteht &#8211; so die Theorie. Doch in der Praxis sieht es oft anders aus. Die aufwendig produzierten und gesendeten Botschaften verpuffen wirkungslos. Und das hat einen einfachen Grund wie Dr. Stefan Fourier anschaulich zeigt: Oftmals werden Information und Kommunikation verwechselt. Beim Thema Kommunikation &hellip; <a href=\"https:\/\/www.businessvillage.de\/blog\/man-kann-es-doch-nicht-kommunizieren\/\">Weiterlesen<\/a><\/p>\n","protected":false},"author":2,"featured_media":1266,"comment_status":"open","ping_status":"open","sticky":false,"template":"","format":"standard","meta":{"footnotes":""},"categories":[721],"tags":[],"class_list":["post-1987","post","type-post","status-publish","format-standard","has-post-thumbnail","hentry","category-strategie-management-organisation"],"yoast_head":"<!-- This site is optimized with the Yoast SEO plugin v27.4 - https:\/\/yoast.com\/product\/yoast-seo-wordpress\/ -->\n<title>Man kann es doch: Nicht kommunizieren! - BusinessVillage - Verlag f\u00fcr die Wirtschaft<\/title>\n<meta name=\"description\" content=\"Beim Thema Kommunikation denken viele sofort an das Sender\/Empf\u00e4nger-Modell. Doch dabei wird Information und Kommunikation verwechselt.\" \/>\n<meta name=\"robots\" content=\"index, follow, max-snippet:-1, max-image-preview:large, max-video-preview:-1\" \/>\n<link rel=\"canonical\" href=\"https:\/\/www.businessvillage.de\/blog\/man-kann-es-doch-nicht-kommunizieren\/\" \/>\n<meta property=\"og:locale\" content=\"de_DE\" \/>\n<meta property=\"og:type\" content=\"article\" \/>\n<meta property=\"og:title\" content=\"Man kann es doch: Nicht kommunizieren! - BusinessVillage - Verlag f\u00fcr die Wirtschaft\" \/>\n<meta property=\"og:description\" content=\"Beim Thema Kommunikation denken viele sofort an das Sender\/Empf\u00e4nger-Modell. Doch dabei wird Information und Kommunikation verwechselt.\" \/>\n<meta property=\"og:url\" content=\"https:\/\/www.businessvillage.de\/blog\/man-kann-es-doch-nicht-kommunizieren\/\" \/>\n<meta property=\"og:site_name\" content=\"BusinessVillage - Verlag f\u00fcr die Wirtschaft\" \/>\n<meta property=\"article:publisher\" content=\"https:\/\/www.facebook.com\/BusinessVillage\/\" \/>\n<meta property=\"article:published_time\" content=\"2020-10-29T07:02:00+00:00\" \/>\n<meta property=\"article:modified_time\" content=\"2023-02-21T14:49:13+00:00\" \/>\n<meta property=\"og:image\" content=\"https:\/\/www.businessvillage.de\/blog\/wp-content\/uploads\/2021\/06\/Stefan-Fourier-e1624564454341.jpg\" \/>\n\t<meta property=\"og:image:width\" content=\"150\" \/>\n\t<meta property=\"og:image:height\" content=\"209\" \/>\n\t<meta property=\"og:image:type\" content=\"image\/jpeg\" \/>\n<meta name=\"author\" content=\"Stefan Fourier\" \/>\n<meta name=\"twitter:card\" content=\"summary_large_image\" \/>\n<meta name=\"twitter:creator\" content=\"@businessvillage\" \/>\n<meta name=\"twitter:site\" content=\"@businessvillage\" \/>\n<meta name=\"twitter:label1\" content=\"Verfasst von\" \/>\n\t<meta name=\"twitter:data1\" content=\"Stefan Fourier\" \/>\n\t<meta name=\"twitter:label2\" content=\"Gesch\u00e4tzte Lesezeit\" \/>\n\t<meta name=\"twitter:data2\" content=\"3\u00a0Minuten\" \/>\n<script type=\"application\/ld+json\" class=\"yoast-schema-graph\">{\"@context\":\"https:\\\/\\\/schema.org\",\"@graph\":[{\"@type\":\"Article\",\"@id\":\"https:\\\/\\\/www.businessvillage.de\\\/blog\\\/man-kann-es-doch-nicht-kommunizieren\\\/#article\",\"isPartOf\":{\"@id\":\"https:\\\/\\\/www.businessvillage.de\\\/blog\\\/man-kann-es-doch-nicht-kommunizieren\\\/\"},\"author\":{\"name\":\"Stefan Fourier\",\"@id\":\"https:\\\/\\\/www.businessvillage.de\\\/blog\\\/#\\\/schema\\\/person\\\/b0786a78e9e777490abb59efffc3b466\"},\"headline\":\"Man kann es doch: Nicht kommunizieren!\",\"datePublished\":\"2020-10-29T07:02:00+00:00\",\"dateModified\":\"2023-02-21T14:49:13+00:00\",\"mainEntityOfPage\":{\"@id\":\"https:\\\/\\\/www.businessvillage.de\\\/blog\\\/man-kann-es-doch-nicht-kommunizieren\\\/\"},\"wordCount\":610,\"commentCount\":0,\"publisher\":{\"@id\":\"https:\\\/\\\/www.businessvillage.de\\\/blog\\\/#organization\"},\"image\":{\"@id\":\"https:\\\/\\\/www.businessvillage.de\\\/blog\\\/man-kann-es-doch-nicht-kommunizieren\\\/#primaryimage\"},\"thumbnailUrl\":\"https:\\\/\\\/www.businessvillage.de\\\/blog\\\/wp-content\\\/uploads\\\/2021\\\/06\\\/Stefan-Fourier-e1624564454341.jpg\",\"articleSection\":[\"Strategie\"],\"inLanguage\":\"de\"},{\"@type\":\"WebPage\",\"@id\":\"https:\\\/\\\/www.businessvillage.de\\\/blog\\\/man-kann-es-doch-nicht-kommunizieren\\\/\",\"url\":\"https:\\\/\\\/www.businessvillage.de\\\/blog\\\/man-kann-es-doch-nicht-kommunizieren\\\/\",\"name\":\"Man kann es doch: Nicht kommunizieren! - BusinessVillage - Verlag f\u00fcr die Wirtschaft\",\"isPartOf\":{\"@id\":\"https:\\\/\\\/www.businessvillage.de\\\/blog\\\/#website\"},\"primaryImageOfPage\":{\"@id\":\"https:\\\/\\\/www.businessvillage.de\\\/blog\\\/man-kann-es-doch-nicht-kommunizieren\\\/#primaryimage\"},\"image\":{\"@id\":\"https:\\\/\\\/www.businessvillage.de\\\/blog\\\/man-kann-es-doch-nicht-kommunizieren\\\/#primaryimage\"},\"thumbnailUrl\":\"https:\\\/\\\/www.businessvillage.de\\\/blog\\\/wp-content\\\/uploads\\\/2021\\\/06\\\/Stefan-Fourier-e1624564454341.jpg\",\"datePublished\":\"2020-10-29T07:02:00+00:00\",\"dateModified\":\"2023-02-21T14:49:13+00:00\",\"description\":\"Beim Thema Kommunikation denken viele sofort an das Sender\\\/Empf\u00e4nger-Modell. Doch dabei wird Information und Kommunikation verwechselt.\",\"breadcrumb\":{\"@id\":\"https:\\\/\\\/www.businessvillage.de\\\/blog\\\/man-kann-es-doch-nicht-kommunizieren\\\/#breadcrumb\"},\"inLanguage\":\"de\",\"potentialAction\":[{\"@type\":\"ReadAction\",\"target\":[\"https:\\\/\\\/www.businessvillage.de\\\/blog\\\/man-kann-es-doch-nicht-kommunizieren\\\/\"]}]},{\"@type\":\"ImageObject\",\"inLanguage\":\"de\",\"@id\":\"https:\\\/\\\/www.businessvillage.de\\\/blog\\\/man-kann-es-doch-nicht-kommunizieren\\\/#primaryimage\",\"url\":\"https:\\\/\\\/www.businessvillage.de\\\/blog\\\/wp-content\\\/uploads\\\/2021\\\/06\\\/Stefan-Fourier-e1624564454341.jpg\",\"contentUrl\":\"https:\\\/\\\/www.businessvillage.de\\\/blog\\\/wp-content\\\/uploads\\\/2021\\\/06\\\/Stefan-Fourier-e1624564454341.jpg\",\"width\":150,\"height\":209},{\"@type\":\"BreadcrumbList\",\"@id\":\"https:\\\/\\\/www.businessvillage.de\\\/blog\\\/man-kann-es-doch-nicht-kommunizieren\\\/#breadcrumb\",\"itemListElement\":[{\"@type\":\"ListItem\",\"position\":1,\"name\":\"Startseite\",\"item\":\"https:\\\/\\\/www.businessvillage.de\\\/blog\\\/\"},{\"@type\":\"ListItem\",\"position\":2,\"name\":\"Man kann es doch: Nicht kommunizieren!\"}]},{\"@type\":\"WebSite\",\"@id\":\"https:\\\/\\\/www.businessvillage.de\\\/blog\\\/#website\",\"url\":\"https:\\\/\\\/www.businessvillage.de\\\/blog\\\/\",\"name\":\"BusinessVillage - Verlag f\u00fcr die Wirtschaft\",\"description\":\"Das BusinessVillage Magazin\",\"publisher\":{\"@id\":\"https:\\\/\\\/www.businessvillage.de\\\/blog\\\/#organization\"},\"potentialAction\":[{\"@type\":\"SearchAction\",\"target\":{\"@type\":\"EntryPoint\",\"urlTemplate\":\"https:\\\/\\\/www.businessvillage.de\\\/blog\\\/?s={search_term_string}\"},\"query-input\":{\"@type\":\"PropertyValueSpecification\",\"valueRequired\":true,\"valueName\":\"search_term_string\"}}],\"inLanguage\":\"de\"},{\"@type\":\"Organization\",\"@id\":\"https:\\\/\\\/www.businessvillage.de\\\/blog\\\/#organization\",\"name\":\"BusinessVillage\",\"url\":\"https:\\\/\\\/www.businessvillage.de\\\/blog\\\/\",\"logo\":{\"@type\":\"ImageObject\",\"inLanguage\":\"de\",\"@id\":\"https:\\\/\\\/www.businessvillage.de\\\/blog\\\/#\\\/schema\\\/logo\\\/image\\\/\",\"url\":\"https:\\\/\\\/www.businessvillage.de\\\/blog\\\/wp-content\\\/uploads\\\/2021\\\/06\\\/businessvillage_logo.gif\",\"contentUrl\":\"https:\\\/\\\/www.businessvillage.de\\\/blog\\\/wp-content\\\/uploads\\\/2021\\\/06\\\/businessvillage_logo.gif\",\"width\":300,\"height\":77,\"caption\":\"BusinessVillage\"},\"image\":{\"@id\":\"https:\\\/\\\/www.businessvillage.de\\\/blog\\\/#\\\/schema\\\/logo\\\/image\\\/\"},\"sameAs\":[\"https:\\\/\\\/www.facebook.com\\\/BusinessVillage\\\/\",\"https:\\\/\\\/x.com\\\/businessvillage\",\"https:\\\/\\\/www.instagram.com\\\/businessvillage.verlag\",\"https:\\\/\\\/www.linkedin.com\\\/company\\\/636219\\\/\"]},{\"@type\":\"Person\",\"@id\":\"https:\\\/\\\/www.businessvillage.de\\\/blog\\\/#\\\/schema\\\/person\\\/b0786a78e9e777490abb59efffc3b466\",\"name\":\"Stefan Fourier\",\"image\":{\"@type\":\"ImageObject\",\"inLanguage\":\"de\",\"@id\":\"https:\\\/\\\/secure.gravatar.com\\\/avatar\\\/e676fd39f516de9ac5c659f90b0d3ae78766c90db406fbbe2258d89b42a2919d?s=96&d=mm&r=g\",\"url\":\"https:\\\/\\\/secure.gravatar.com\\\/avatar\\\/e676fd39f516de9ac5c659f90b0d3ae78766c90db406fbbe2258d89b42a2919d?s=96&d=mm&r=g\",\"contentUrl\":\"https:\\\/\\\/secure.gravatar.com\\\/avatar\\\/e676fd39f516de9ac5c659f90b0d3ae78766c90db406fbbe2258d89b42a2919d?s=96&d=mm&r=g\",\"caption\":\"Stefan Fourier\"},\"description\":\"ist Physiker, Unternehmer und Autor. Er lebt in der N\u00e4he Hannovers und arbeitet als Impulsgeber und Sparringspartner f\u00fcr Unternehmer, F\u00fchrungskr\u00e4fte und Politiker.\",\"sameAs\":[\"http:\\\/\\\/www.fourier.de\"],\"url\":\"https:\\\/\\\/www.businessvillage.de\\\/blog\\\/author\\\/sfourier\\\/\"}]}<\/script>\n<!-- \/ Yoast SEO plugin. -->","yoast_head_json":{"title":"Man kann es doch: Nicht kommunizieren! - BusinessVillage - Verlag f\u00fcr die Wirtschaft","description":"Beim Thema Kommunikation denken viele sofort an das Sender\/Empf\u00e4nger-Modell. Doch dabei wird Information und Kommunikation verwechselt.","robots":{"index":"index","follow":"follow","max-snippet":"max-snippet:-1","max-image-preview":"max-image-preview:large","max-video-preview":"max-video-preview:-1"},"canonical":"https:\/\/www.businessvillage.de\/blog\/man-kann-es-doch-nicht-kommunizieren\/","og_locale":"de_DE","og_type":"article","og_title":"Man kann es doch: Nicht kommunizieren! - BusinessVillage - Verlag f\u00fcr die Wirtschaft","og_description":"Beim Thema Kommunikation denken viele sofort an das Sender\/Empf\u00e4nger-Modell. Doch dabei wird Information und Kommunikation verwechselt.","og_url":"https:\/\/www.businessvillage.de\/blog\/man-kann-es-doch-nicht-kommunizieren\/","og_site_name":"BusinessVillage - Verlag f\u00fcr die Wirtschaft","article_publisher":"https:\/\/www.facebook.com\/BusinessVillage\/","article_published_time":"2020-10-29T07:02:00+00:00","article_modified_time":"2023-02-21T14:49:13+00:00","og_image":[{"width":150,"height":209,"url":"https:\/\/www.businessvillage.de\/blog\/wp-content\/uploads\/2021\/06\/Stefan-Fourier-e1624564454341.jpg","type":"image\/jpeg"}],"author":"Stefan Fourier","twitter_card":"summary_large_image","twitter_creator":"@businessvillage","twitter_site":"@businessvillage","twitter_misc":{"Verfasst von":"Stefan Fourier","Gesch\u00e4tzte Lesezeit":"3\u00a0Minuten"},"schema":{"@context":"https:\/\/schema.org","@graph":[{"@type":"Article","@id":"https:\/\/www.businessvillage.de\/blog\/man-kann-es-doch-nicht-kommunizieren\/#article","isPartOf":{"@id":"https:\/\/www.businessvillage.de\/blog\/man-kann-es-doch-nicht-kommunizieren\/"},"author":{"name":"Stefan Fourier","@id":"https:\/\/www.businessvillage.de\/blog\/#\/schema\/person\/b0786a78e9e777490abb59efffc3b466"},"headline":"Man kann es doch: Nicht kommunizieren!","datePublished":"2020-10-29T07:02:00+00:00","dateModified":"2023-02-21T14:49:13+00:00","mainEntityOfPage":{"@id":"https:\/\/www.businessvillage.de\/blog\/man-kann-es-doch-nicht-kommunizieren\/"},"wordCount":610,"commentCount":0,"publisher":{"@id":"https:\/\/www.businessvillage.de\/blog\/#organization"},"image":{"@id":"https:\/\/www.businessvillage.de\/blog\/man-kann-es-doch-nicht-kommunizieren\/#primaryimage"},"thumbnailUrl":"https:\/\/www.businessvillage.de\/blog\/wp-content\/uploads\/2021\/06\/Stefan-Fourier-e1624564454341.jpg","articleSection":["Strategie"],"inLanguage":"de"},{"@type":"WebPage","@id":"https:\/\/www.businessvillage.de\/blog\/man-kann-es-doch-nicht-kommunizieren\/","url":"https:\/\/www.businessvillage.de\/blog\/man-kann-es-doch-nicht-kommunizieren\/","name":"Man kann es doch: Nicht kommunizieren! - BusinessVillage - Verlag f\u00fcr die Wirtschaft","isPartOf":{"@id":"https:\/\/www.businessvillage.de\/blog\/#website"},"primaryImageOfPage":{"@id":"https:\/\/www.businessvillage.de\/blog\/man-kann-es-doch-nicht-kommunizieren\/#primaryimage"},"image":{"@id":"https:\/\/www.businessvillage.de\/blog\/man-kann-es-doch-nicht-kommunizieren\/#primaryimage"},"thumbnailUrl":"https:\/\/www.businessvillage.de\/blog\/wp-content\/uploads\/2021\/06\/Stefan-Fourier-e1624564454341.jpg","datePublished":"2020-10-29T07:02:00+00:00","dateModified":"2023-02-21T14:49:13+00:00","description":"Beim Thema Kommunikation denken viele sofort an das Sender\/Empf\u00e4nger-Modell. Doch dabei wird Information und Kommunikation verwechselt.","breadcrumb":{"@id":"https:\/\/www.businessvillage.de\/blog\/man-kann-es-doch-nicht-kommunizieren\/#breadcrumb"},"inLanguage":"de","potentialAction":[{"@type":"ReadAction","target":["https:\/\/www.businessvillage.de\/blog\/man-kann-es-doch-nicht-kommunizieren\/"]}]},{"@type":"ImageObject","inLanguage":"de","@id":"https:\/\/www.businessvillage.de\/blog\/man-kann-es-doch-nicht-kommunizieren\/#primaryimage","url":"https:\/\/www.businessvillage.de\/blog\/wp-content\/uploads\/2021\/06\/Stefan-Fourier-e1624564454341.jpg","contentUrl":"https:\/\/www.businessvillage.de\/blog\/wp-content\/uploads\/2021\/06\/Stefan-Fourier-e1624564454341.jpg","width":150,"height":209},{"@type":"BreadcrumbList","@id":"https:\/\/www.businessvillage.de\/blog\/man-kann-es-doch-nicht-kommunizieren\/#breadcrumb","itemListElement":[{"@type":"ListItem","position":1,"name":"Startseite","item":"https:\/\/www.businessvillage.de\/blog\/"},{"@type":"ListItem","position":2,"name":"Man kann es doch: Nicht kommunizieren!"}]},{"@type":"WebSite","@id":"https:\/\/www.businessvillage.de\/blog\/#website","url":"https:\/\/www.businessvillage.de\/blog\/","name":"BusinessVillage - Verlag f\u00fcr die Wirtschaft","description":"Das BusinessVillage Magazin","publisher":{"@id":"https:\/\/www.businessvillage.de\/blog\/#organization"},"potentialAction":[{"@type":"SearchAction","target":{"@type":"EntryPoint","urlTemplate":"https:\/\/www.businessvillage.de\/blog\/?s={search_term_string}"},"query-input":{"@type":"PropertyValueSpecification","valueRequired":true,"valueName":"search_term_string"}}],"inLanguage":"de"},{"@type":"Organization","@id":"https:\/\/www.businessvillage.de\/blog\/#organization","name":"BusinessVillage","url":"https:\/\/www.businessvillage.de\/blog\/","logo":{"@type":"ImageObject","inLanguage":"de","@id":"https:\/\/www.businessvillage.de\/blog\/#\/schema\/logo\/image\/","url":"https:\/\/www.businessvillage.de\/blog\/wp-content\/uploads\/2021\/06\/businessvillage_logo.gif","contentUrl":"https:\/\/www.businessvillage.de\/blog\/wp-content\/uploads\/2021\/06\/businessvillage_logo.gif","width":300,"height":77,"caption":"BusinessVillage"},"image":{"@id":"https:\/\/www.businessvillage.de\/blog\/#\/schema\/logo\/image\/"},"sameAs":["https:\/\/www.facebook.com\/BusinessVillage\/","https:\/\/x.com\/businessvillage","https:\/\/www.instagram.com\/businessvillage.verlag","https:\/\/www.linkedin.com\/company\/636219\/"]},{"@type":"Person","@id":"https:\/\/www.businessvillage.de\/blog\/#\/schema\/person\/b0786a78e9e777490abb59efffc3b466","name":"Stefan Fourier","image":{"@type":"ImageObject","inLanguage":"de","@id":"https:\/\/secure.gravatar.com\/avatar\/e676fd39f516de9ac5c659f90b0d3ae78766c90db406fbbe2258d89b42a2919d?s=96&d=mm&r=g","url":"https:\/\/secure.gravatar.com\/avatar\/e676fd39f516de9ac5c659f90b0d3ae78766c90db406fbbe2258d89b42a2919d?s=96&d=mm&r=g","contentUrl":"https:\/\/secure.gravatar.com\/avatar\/e676fd39f516de9ac5c659f90b0d3ae78766c90db406fbbe2258d89b42a2919d?s=96&d=mm&r=g","caption":"Stefan Fourier"},"description":"ist Physiker, Unternehmer und Autor. Er lebt in der N\u00e4he Hannovers und arbeitet als Impulsgeber und Sparringspartner f\u00fcr Unternehmer, F\u00fchrungskr\u00e4fte und Politiker.","sameAs":["http:\/\/www.fourier.de"],"url":"https:\/\/www.businessvillage.de\/blog\/author\/sfourier\/"}]}},"_links":{"self":[{"href":"https:\/\/www.businessvillage.de\/blog\/wp-json\/wp\/v2\/posts\/1987","targetHints":{"allow":["GET"]}}],"collection":[{"href":"https:\/\/www.businessvillage.de\/blog\/wp-json\/wp\/v2\/posts"}],"about":[{"href":"https:\/\/www.businessvillage.de\/blog\/wp-json\/wp\/v2\/types\/post"}],"author":[{"embeddable":true,"href":"https:\/\/www.businessvillage.de\/blog\/wp-json\/wp\/v2\/users\/2"}],"replies":[{"embeddable":true,"href":"https:\/\/www.businessvillage.de\/blog\/wp-json\/wp\/v2\/comments?post=1987"}],"version-history":[{"count":3,"href":"https:\/\/www.businessvillage.de\/blog\/wp-json\/wp\/v2\/posts\/1987\/revisions"}],"predecessor-version":[{"id":6153,"href":"https:\/\/www.businessvillage.de\/blog\/wp-json\/wp\/v2\/posts\/1987\/revisions\/6153"}],"wp:featuredmedia":[{"embeddable":true,"href":"https:\/\/www.businessvillage.de\/blog\/wp-json\/wp\/v2\/media\/1266"}],"wp:attachment":[{"href":"https:\/\/www.businessvillage.de\/blog\/wp-json\/wp\/v2\/media?parent=1987"}],"wp:term":[{"taxonomy":"category","embeddable":true,"href":"https:\/\/www.businessvillage.de\/blog\/wp-json\/wp\/v2\/categories?post=1987"},{"taxonomy":"post_tag","embeddable":true,"href":"https:\/\/www.businessvillage.de\/blog\/wp-json\/wp\/v2\/tags?post=1987"}],"curies":[{"name":"wp","href":"https:\/\/api.w.org\/{rel}","templated":true}]}}