{"id":1927,"date":"2020-09-17T08:02:00","date_gmt":"2020-09-17T06:02:00","guid":{"rendered":"https:\/\/test-bv.gambiocloud.com\/blog\/2020\/09\/17\/kollektives-denkversagen-%c2%96-nur-in-der-krise\/"},"modified":"2021-07-17T21:51:32","modified_gmt":"2021-07-17T19:51:32","slug":"kollektives-denkversagen-%c2%96-nur-in-der-krise","status":"publish","type":"post","link":"https:\/\/www.businessvillage.de\/blog\/kollektives-denkversagen-%c2%96-nur-in-der-krise\/","title":{"rendered":"Kollektives Denkversagen \u0096 nur in der Krise?"},"content":{"rendered":"\n<p><strong>In nur wenigen Monaten haben Staat und Medien es geschafft, Gedanken, Gef\u00fchle und vor allem \u00c4ngste zu uniformieren. Die Mechanismen, mit denen dies geschah, erinnern an die d\u00fcstersten Epochen unserer deutschen Geschichte. Das gesellschaftliche Leben und die Wirtschaft verfielen zun\u00e4chst in Schockstarre und dann in blinden Aktionismus. Ziele und Strategien wurden entwertet, die Entwicklung von Hygienekonzepten und Neuordnung der Zusammenarbeit zu Innovationen erkl\u00e4rt.<\/strong><\/p>\n\n\n\n<h2 class=\"wp-block-heading\">Wie indoktrinierte Gleichgesinnung die Innovationsf\u00e4higkeit unseres Landes zerst\u00f6rt<\/h2>\n\n\n\n<p>Eine wesentliche Gemeinsamkeit zwischen einer funktionierenden Demokratie und der Innovationsf\u00e4higkeit von Organisationen ist die erforderliche Diversit\u00e4t. Sie ist Bedingung f\u00fcr Facettenreichtum im Denken und im kritischen Hinterfragen des Bestehenden. Wie konnte es angesichts der aktuellen Situation zum Verlust dieser hart erarbeiteten Erkenntnis kommen?<\/p>\n\n\n\n<h2 class=\"wp-block-heading\">Vom Crowdsourcing zur \u201eCrowdanxiety\u201c<\/h2>\n\n\n\n<p>Die Tendenz der Deutschen zur \u00c4ngstlichkeit d\u00fcrfte ein guter N\u00e4hrboden f\u00fcr die Verk\u00fcndung und Durchsetzung der Ma\u00dfnahmen zur Bek\u00e4mpfung der <a href=\"https:\/\/www.businessvillage.de\/blog\/deutungshoheit-man-muss-nicht-jeden-aufreger-uebernehmen\/\">Corona Pandemie<\/a> gewesen sein. Der Begriff \u201eGerman Angst\u201c bekommt bei n\u00e4herer Betrachtung der verwendeten Hebel und Vorgehensweisen in der Krise eine neue Dimension. Entgegen unserer Errungenschaften vermeintlich moderner Demokratie wurde auf einen breiten Diskurs zu den Ma\u00dfnahmen und deren Verh\u00e4ltnism\u00e4\u00dfigkeit schlicht verzichtet. Bew\u00e4hrte wissenschaftliche Ann\u00e4herungen \u00fcber These-Antithese-Synthese wurden auf den ersten Schritt, der These einer Elite &#8211; eines homogenen Kreises von Wissenschaftlern &#8211; reduziert. Die Massenmedien haben, ungeachtet des Grades ihrer Abh\u00e4ngigkeiten, auf den n\u00f6tigen, sensibel-kritischen Blick verzichtet. Ein Schelm, der denkt, dass f\u00fcr die Medienh\u00e4user eine Zeit angebrochen zu sein scheint, in der mit wenig Rechercheaufwand hervorragende Ergebnisse in Auflage und Klickrate zu erzielen sind. Die Macht der Wiederholung tut zuverl\u00e4ssig ihren Dienst und erzeugt in Kombination mit t\u00e4glichem Berichtsfokus, rein auf Infektionszahlen, das augenscheinlich gew\u00fcnschte Produkt: Angst!<\/p>\n\n\n\n<h2 class=\"wp-block-heading\">Angst ist das Gegenteil von Kreativit\u00e4t<\/h2>\n\n\n\n<p>Die Bew\u00e4ltigung von Krisen erfordert mehr denn je den Einsatz kreativer F\u00e4higkeiten. Dies gelingt besonders gut, wenn Menschen mit unterschiedlichen Perspektiven ausgetretene Denkpfade verlassen und frei \u201espinnen\u201c k\u00f6nnen. Bis vor einigen Wochen hatten wir daf\u00fcr umgangssprachlich einen positiv besetzten Begriff, das \u201eQuerdenken\u201c. Sp\u00e4testens seit den Demonstrationen in Berlin verursacht die Aussprache dieses Wortes in der \u00d6ffentlichkeit schlichte Verachtung bis pures Entsetzen. Medial gut versorgte Uniformierte h\u00e4ngen die Frage nach der Teilnahme an den Kundgebungen oder der Mitgliedschaft in der Bewegung \u201eQuerdenker-711\u201c an. Dies ist nur ein Beispiel f\u00fcr die aktuelle Unterdr\u00fcckung von Perspektivenvielfalt und Freigeisterei. Wenn dar\u00fcber hinaus kritische Stimmen aus Wissenschaft, Kunst und Kultur zu den Corona-Ma\u00dfnahmen \u2013 allesamt Disziplinen, die die Kreativit\u00e4t als Schl\u00fcsselressource nutzen \u2013 als Rechtsgesinnte und Verschw\u00f6rungstheoretiker diffamiert werden, sind wir am Ende einer konstruktiven, demokratischen Probleml\u00f6sungsdebatte angelangt.<\/p>\n\n\n\n<h2 class=\"wp-block-heading\">Denkversagen sch\u00fctzt und entlastet von Verantwortung<\/h2>\n\n\n\n<p>Das permanent \u00fcber der Wirtschaft schwebende Damoklesschwert eines erneuten, von der Politik gebetsm\u00fchlenartig angedrohten Lockdowns, spaltet die Gesellschaft. Die Entscheidung, sich auf die Seite der Denkenden zu schlagen wird zus\u00e4tzlich durch objektive, existenzbedrohliche Konsequenzen eines weiteren Lockdowns erschwert. F\u00fcr viele Unternehmen, die nicht zu den gro\u00dfen Gewinnern der Krise z\u00e4hlen, wie Amazon und Anbietern von Videokonferenzplattformen, bedeutet dieses Szenario das sichere Aus. Zum eigenen Schutz folgen Unternehmer also reflexartig angeordneten Ma\u00dfnahmen, auch wenn diese weder wissenschaftlich, noch politisch plausibel begr\u00fcndet werden. Der Verzicht auf eine eigenverantwortliche Plausibilit\u00e4tspr\u00fcfung schafft, trotz leiser Restzweifel, ein tendenziell besseres Gef\u00fchl. Damit lastet die Verantwortung weniger auf den eigenen Schultern und verteilt sich auf die breite Gemeinde der Konsumenten von Konservennachrichten und Obrigkeiten.<\/p>\n\n\n\n<p>Das Ph\u00e4nomen des kollektiven Denkversagens wird zus\u00e4tzlich durch die vermeintlich drohende soziale und gesellschaftliche \u00c4chtung bef\u00f6rdert. Wer will, nachdem er sich alternative wissenschaftliche Standpunkte und alternative Medienkan\u00e4le erschlossen hat, pl\u00f6tzlich in der rechten Verschw\u00f6rerecke stehen? Einfacher ist doch, dem Trend zur Bequemlichkeit folgend, keine Todesf\u00e4lle durch Corona zu verantworten und das Denken den Experten in Politik und Wissenschaft zu \u00fcberlassen, die breite Akzeptanz genie\u00dfen.<\/p>\n\n\n\n<h2 class=\"wp-block-heading\">Entschuldigung in der Retrospektive<\/h2>\n\n\n\n<p>Die Abschaffung von Diversit\u00e4t und Spaltung der Gesellschaft durch Diskreditierung von Andersdenkenden kann also kaum ein probates Mittel zur Steigerung der Innovationsf\u00e4higkeit sein. Weder in Organisationen noch auf nationaler Ebene.<\/p>\n\n\n\n<p>Krisen werden nur mit geb\u00fcndelten Kr\u00e4ften, unterschiedlichen Standpunkten, Thesen und Erkenntnissen gemeistert. Aktuell sind Bem\u00fchungen zu einer, \u00fcber den Diskurs erlangten, Geschlossenheit nicht zu erkennen. T\u00e4glich werden wir in Dauerschleife mit Entschuldigungen und Verweisen auf die Corona-Pandemie konfrontiert statt um kreative L\u00f6sungsans\u00e4tze bereichert. Bildung, Digitalisierung und Mobilit\u00e4t, unsere gesellschaftlichen und wirtschaftlichen Gro\u00dfbaustellen, bestanden bereits vor der <a href=\"https:\/\/www.businessvillage.de\/blog\/deutungshoheit-die-muster-der-meinungsmacher\/\">Pandemie<\/a> und erfordern jede Menge Kreativit\u00e4t. Coronabedingte Denkblockaden und verordnete Handlungshemmer helfen da nicht weiter.<\/p>\n\n\n\n<p>Das Statement \u201eUnd dann kam Corona\u201c wird in Zukunft eine Menge Missst\u00e4nde, Vers\u00e4umnisse und das kollektive Denkversagen zu entschuldigen versuchen.<\/p>\n","protected":false},"excerpt":{"rendered":"<p>In nur wenigen Monaten haben Staat und Medien es geschafft, Gedanken, Gef\u00fchle und vor allem \u00c4ngste zu uniformieren. Die Mechanismen, mit denen dies geschah, erinnern an die d\u00fcstersten Epochen unserer deutschen Geschichte. Das gesellschaftliche Leben und die Wirtschaft verfielen zun\u00e4chst in Schockstarre und dann in blinden Aktionismus. Ziele und Strategien wurden entwertet, die Entwicklung von &hellip; <a href=\"https:\/\/www.businessvillage.de\/blog\/kollektives-denkversagen-%c2%96-nur-in-der-krise\/\">Weiterlesen<\/a><\/p>\n","protected":false},"author":134,"featured_media":1101,"comment_status":"closed","ping_status":"closed","sticky":false,"template":"","format":"standard","meta":{"footnotes":""},"categories":[9],"tags":[148,158,240,242,248,250,251,252],"class_list":["post-1927","post","type-post","status-publish","format-standard","has-post-thumbnail","hentry","category-denkraum","tag-kommunikation","tag-verantwortung","tag-corona","tag-gesellschaft","tag-denkversagen","tag-diversitaet","tag-zukunft","tag-kollektiv"],"yoast_head":"<!-- This site is optimized with the Yoast SEO plugin v27.5 - https:\/\/yoast.com\/product\/yoast-seo-wordpress\/ -->\n<title>Kollektives Denkversagen \u0096 nur in der Krise? - BusinessVillage - Verlag f\u00fcr die Wirtschaft<\/title>\n<meta name=\"robots\" content=\"index, follow, max-snippet:-1, max-image-preview:large, max-video-preview:-1\" \/>\n<link rel=\"canonical\" href=\"https:\/\/www.businessvillage.de\/blog\/kollektives-denkversagen-\u0096-nur-in-der-krise\/\" \/>\n<meta property=\"og:locale\" content=\"de_DE\" \/>\n<meta property=\"og:type\" content=\"article\" \/>\n<meta property=\"og:title\" content=\"Kollektives Denkversagen \u0096 nur in der Krise? - BusinessVillage - Verlag f\u00fcr die Wirtschaft\" \/>\n<meta property=\"og:description\" content=\"In nur wenigen Monaten haben Staat und Medien es geschafft, Gedanken, Gef\u00fchle und vor allem \u00c4ngste zu uniformieren. Die Mechanismen, mit denen dies geschah, erinnern an die d\u00fcstersten Epochen unserer deutschen Geschichte. Das gesellschaftliche Leben und die Wirtschaft verfielen zun\u00e4chst in Schockstarre und dann in blinden Aktionismus. Ziele und Strategien wurden entwertet, die Entwicklung von &hellip; Weiterlesen\" \/>\n<meta property=\"og:url\" content=\"https:\/\/www.businessvillage.de\/blog\/kollektives-denkversagen-\u0096-nur-in-der-krise\/\" \/>\n<meta property=\"og:site_name\" content=\"BusinessVillage - Verlag f\u00fcr die Wirtschaft\" \/>\n<meta property=\"article:publisher\" content=\"https:\/\/www.facebook.com\/BusinessVillage\/\" \/>\n<meta property=\"article:published_time\" content=\"2020-09-17T06:02:00+00:00\" \/>\n<meta property=\"article:modified_time\" content=\"2021-07-17T19:51:32+00:00\" \/>\n<meta property=\"og:image\" content=\"https:\/\/www.businessvillage.de\/blog\/wp-content\/uploads\/2021\/06\/Henryk-Mioskowski-e1624564837641.jpg\" \/>\n\t<meta property=\"og:image:width\" content=\"150\" \/>\n\t<meta property=\"og:image:height\" content=\"209\" \/>\n\t<meta property=\"og:image:type\" content=\"image\/jpeg\" \/>\n<meta name=\"author\" content=\"Henryk M. Mioskowski\" \/>\n<meta name=\"twitter:card\" content=\"summary_large_image\" \/>\n<meta name=\"twitter:creator\" content=\"@businessvillage\" \/>\n<meta name=\"twitter:site\" content=\"@businessvillage\" \/>\n<meta name=\"twitter:label1\" content=\"Verfasst von\" \/>\n\t<meta name=\"twitter:data1\" content=\"Henryk M. Mioskowski\" \/>\n\t<meta name=\"twitter:label2\" content=\"Gesch\u00e4tzte Lesezeit\" \/>\n\t<meta name=\"twitter:data2\" content=\"4\u00a0Minuten\" \/>\n<script type=\"application\/ld+json\" class=\"yoast-schema-graph\">{\"@context\":\"https:\\\/\\\/schema.org\",\"@graph\":[{\"@type\":\"Article\",\"@id\":\"https:\\\/\\\/www.businessvillage.de\\\/blog\\\/kollektives-denkversagen-%c2%96-nur-in-der-krise\\\/#article\",\"isPartOf\":{\"@id\":\"https:\\\/\\\/www.businessvillage.de\\\/blog\\\/kollektives-denkversagen-%c2%96-nur-in-der-krise\\\/\"},\"author\":{\"name\":\"Henryk M. Mioskowski\",\"@id\":\"https:\\\/\\\/www.businessvillage.de\\\/blog\\\/#\\\/schema\\\/person\\\/00949deb7f5d27b29ba370d39a9a8f38\"},\"headline\":\"Kollektives Denkversagen \u0096 nur in der Krise?\",\"datePublished\":\"2020-09-17T06:02:00+00:00\",\"dateModified\":\"2021-07-17T19:51:32+00:00\",\"mainEntityOfPage\":{\"@id\":\"https:\\\/\\\/www.businessvillage.de\\\/blog\\\/kollektives-denkversagen-%c2%96-nur-in-der-krise\\\/\"},\"wordCount\":797,\"publisher\":{\"@id\":\"https:\\\/\\\/www.businessvillage.de\\\/blog\\\/#organization\"},\"image\":{\"@id\":\"https:\\\/\\\/www.businessvillage.de\\\/blog\\\/kollektives-denkversagen-%c2%96-nur-in-der-krise\\\/#primaryimage\"},\"thumbnailUrl\":\"https:\\\/\\\/www.businessvillage.de\\\/blog\\\/wp-content\\\/uploads\\\/2021\\\/06\\\/Henryk-Mioskowski-e1624564837641.jpg\",\"keywords\":[\"Kommunikation\",\"Verantwortung\",\"Corona\",\"Gesellschaft\",\"Denkversagen\",\"Diversit\u00e4t\",\"Zukunft\",\"Kollektiv\"],\"articleSection\":[\"Denkraum\"],\"inLanguage\":\"de\"},{\"@type\":\"WebPage\",\"@id\":\"https:\\\/\\\/www.businessvillage.de\\\/blog\\\/kollektives-denkversagen-%c2%96-nur-in-der-krise\\\/\",\"url\":\"https:\\\/\\\/www.businessvillage.de\\\/blog\\\/kollektives-denkversagen-%c2%96-nur-in-der-krise\\\/\",\"name\":\"Kollektives Denkversagen \u0096 nur in der Krise? - BusinessVillage - Verlag f\u00fcr die Wirtschaft\",\"isPartOf\":{\"@id\":\"https:\\\/\\\/www.businessvillage.de\\\/blog\\\/#website\"},\"primaryImageOfPage\":{\"@id\":\"https:\\\/\\\/www.businessvillage.de\\\/blog\\\/kollektives-denkversagen-%c2%96-nur-in-der-krise\\\/#primaryimage\"},\"image\":{\"@id\":\"https:\\\/\\\/www.businessvillage.de\\\/blog\\\/kollektives-denkversagen-%c2%96-nur-in-der-krise\\\/#primaryimage\"},\"thumbnailUrl\":\"https:\\\/\\\/www.businessvillage.de\\\/blog\\\/wp-content\\\/uploads\\\/2021\\\/06\\\/Henryk-Mioskowski-e1624564837641.jpg\",\"datePublished\":\"2020-09-17T06:02:00+00:00\",\"dateModified\":\"2021-07-17T19:51:32+00:00\",\"breadcrumb\":{\"@id\":\"https:\\\/\\\/www.businessvillage.de\\\/blog\\\/kollektives-denkversagen-%c2%96-nur-in-der-krise\\\/#breadcrumb\"},\"inLanguage\":\"de\",\"potentialAction\":[{\"@type\":\"ReadAction\",\"target\":[\"https:\\\/\\\/www.businessvillage.de\\\/blog\\\/kollektives-denkversagen-%c2%96-nur-in-der-krise\\\/\"]}]},{\"@type\":\"ImageObject\",\"inLanguage\":\"de\",\"@id\":\"https:\\\/\\\/www.businessvillage.de\\\/blog\\\/kollektives-denkversagen-%c2%96-nur-in-der-krise\\\/#primaryimage\",\"url\":\"https:\\\/\\\/www.businessvillage.de\\\/blog\\\/wp-content\\\/uploads\\\/2021\\\/06\\\/Henryk-Mioskowski-e1624564837641.jpg\",\"contentUrl\":\"https:\\\/\\\/www.businessvillage.de\\\/blog\\\/wp-content\\\/uploads\\\/2021\\\/06\\\/Henryk-Mioskowski-e1624564837641.jpg\",\"width\":150,\"height\":209},{\"@type\":\"BreadcrumbList\",\"@id\":\"https:\\\/\\\/www.businessvillage.de\\\/blog\\\/kollektives-denkversagen-%c2%96-nur-in-der-krise\\\/#breadcrumb\",\"itemListElement\":[{\"@type\":\"ListItem\",\"position\":1,\"name\":\"Startseite\",\"item\":\"https:\\\/\\\/www.businessvillage.de\\\/blog\\\/\"},{\"@type\":\"ListItem\",\"position\":2,\"name\":\"Kollektives Denkversagen \u0096 nur in der Krise?\"}]},{\"@type\":\"WebSite\",\"@id\":\"https:\\\/\\\/www.businessvillage.de\\\/blog\\\/#website\",\"url\":\"https:\\\/\\\/www.businessvillage.de\\\/blog\\\/\",\"name\":\"BusinessVillage - Verlag f\u00fcr die Wirtschaft\",\"description\":\"Das BusinessVillage Magazin\",\"publisher\":{\"@id\":\"https:\\\/\\\/www.businessvillage.de\\\/blog\\\/#organization\"},\"potentialAction\":[{\"@type\":\"SearchAction\",\"target\":{\"@type\":\"EntryPoint\",\"urlTemplate\":\"https:\\\/\\\/www.businessvillage.de\\\/blog\\\/?s={search_term_string}\"},\"query-input\":{\"@type\":\"PropertyValueSpecification\",\"valueRequired\":true,\"valueName\":\"search_term_string\"}}],\"inLanguage\":\"de\"},{\"@type\":\"Organization\",\"@id\":\"https:\\\/\\\/www.businessvillage.de\\\/blog\\\/#organization\",\"name\":\"BusinessVillage\",\"url\":\"https:\\\/\\\/www.businessvillage.de\\\/blog\\\/\",\"logo\":{\"@type\":\"ImageObject\",\"inLanguage\":\"de\",\"@id\":\"https:\\\/\\\/www.businessvillage.de\\\/blog\\\/#\\\/schema\\\/logo\\\/image\\\/\",\"url\":\"https:\\\/\\\/www.businessvillage.de\\\/blog\\\/wp-content\\\/uploads\\\/2021\\\/06\\\/businessvillage_logo.gif\",\"contentUrl\":\"https:\\\/\\\/www.businessvillage.de\\\/blog\\\/wp-content\\\/uploads\\\/2021\\\/06\\\/businessvillage_logo.gif\",\"width\":300,\"height\":77,\"caption\":\"BusinessVillage\"},\"image\":{\"@id\":\"https:\\\/\\\/www.businessvillage.de\\\/blog\\\/#\\\/schema\\\/logo\\\/image\\\/\"},\"sameAs\":[\"https:\\\/\\\/www.facebook.com\\\/BusinessVillage\\\/\",\"https:\\\/\\\/x.com\\\/businessvillage\",\"https:\\\/\\\/www.instagram.com\\\/businessvillage.verlag\",\"https:\\\/\\\/www.linkedin.com\\\/company\\\/636219\\\/\"]},{\"@type\":\"Person\",\"@id\":\"https:\\\/\\\/www.businessvillage.de\\\/blog\\\/#\\\/schema\\\/person\\\/00949deb7f5d27b29ba370d39a9a8f38\",\"name\":\"Henryk M. Mioskowski\",\"image\":{\"@type\":\"ImageObject\",\"inLanguage\":\"de\",\"@id\":\"https:\\\/\\\/secure.gravatar.com\\\/avatar\\\/0a4ffbf65843c69758cd238334ebac8ba40519b5fba651f9b2ff2d660b9048e2?s=96&d=mm&r=g\",\"url\":\"https:\\\/\\\/secure.gravatar.com\\\/avatar\\\/0a4ffbf65843c69758cd238334ebac8ba40519b5fba651f9b2ff2d660b9048e2?s=96&d=mm&r=g\",\"contentUrl\":\"https:\\\/\\\/secure.gravatar.com\\\/avatar\\\/0a4ffbf65843c69758cd238334ebac8ba40519b5fba651f9b2ff2d660b9048e2?s=96&d=mm&r=g\",\"caption\":\"Henryk M. Mioskowski\"},\"description\":\"Henryk M. Mioskowski ist Innovationscoach, Ideentrainer und gefragter Speaker. Nach einer Kaufmannslehre und der T\u00e4tigkeit als selbstst\u00e4ndiger Vertriebscoach leitet er heute Ideenfindungs- und Innovationsworkshops bei den IDEEOLOGEN\u00ae. Als Sohn einer Lehrerin hinterfragte er schon in der 5. Klasse die Wirksamkeit klassischer Lernmethoden und wird als Vater zweier schulpflichtiger Kinder tagt\u00e4glich mit den potenzialraubenden Einfl\u00fcssen unseres Bildungssystems konfrontiert. Ein Umstand, der ihn inspiriert hat,\u00a0 Wege zu finden, wie neue Denkans\u00e4tze im Bildungssystem und der Wirtschaft den kreativen Anforderungen der Zukunft gerecht werden.\",\"url\":\"https:\\\/\\\/www.businessvillage.de\\\/blog\\\/author\\\/hmioskowski\\\/\"}]}<\/script>\n<!-- \/ Yoast SEO plugin. -->","yoast_head_json":{"title":"Kollektives Denkversagen \u0096 nur in der Krise? - BusinessVillage - Verlag f\u00fcr die Wirtschaft","robots":{"index":"index","follow":"follow","max-snippet":"max-snippet:-1","max-image-preview":"max-image-preview:large","max-video-preview":"max-video-preview:-1"},"canonical":"https:\/\/www.businessvillage.de\/blog\/kollektives-denkversagen-\u0096-nur-in-der-krise\/","og_locale":"de_DE","og_type":"article","og_title":"Kollektives Denkversagen \u0096 nur in der Krise? - BusinessVillage - Verlag f\u00fcr die Wirtschaft","og_description":"In nur wenigen Monaten haben Staat und Medien es geschafft, Gedanken, Gef\u00fchle und vor allem \u00c4ngste zu uniformieren. Die Mechanismen, mit denen dies geschah, erinnern an die d\u00fcstersten Epochen unserer deutschen Geschichte. Das gesellschaftliche Leben und die Wirtschaft verfielen zun\u00e4chst in Schockstarre und dann in blinden Aktionismus. Ziele und Strategien wurden entwertet, die Entwicklung von &hellip; Weiterlesen","og_url":"https:\/\/www.businessvillage.de\/blog\/kollektives-denkversagen-\u0096-nur-in-der-krise\/","og_site_name":"BusinessVillage - Verlag f\u00fcr die Wirtschaft","article_publisher":"https:\/\/www.facebook.com\/BusinessVillage\/","article_published_time":"2020-09-17T06:02:00+00:00","article_modified_time":"2021-07-17T19:51:32+00:00","og_image":[{"width":150,"height":209,"url":"https:\/\/www.businessvillage.de\/blog\/wp-content\/uploads\/2021\/06\/Henryk-Mioskowski-e1624564837641.jpg","type":"image\/jpeg"}],"author":"Henryk M. Mioskowski","twitter_card":"summary_large_image","twitter_creator":"@businessvillage","twitter_site":"@businessvillage","twitter_misc":{"Verfasst von":"Henryk M. Mioskowski","Gesch\u00e4tzte Lesezeit":"4\u00a0Minuten"},"schema":{"@context":"https:\/\/schema.org","@graph":[{"@type":"Article","@id":"https:\/\/www.businessvillage.de\/blog\/kollektives-denkversagen-%c2%96-nur-in-der-krise\/#article","isPartOf":{"@id":"https:\/\/www.businessvillage.de\/blog\/kollektives-denkversagen-%c2%96-nur-in-der-krise\/"},"author":{"name":"Henryk M. Mioskowski","@id":"https:\/\/www.businessvillage.de\/blog\/#\/schema\/person\/00949deb7f5d27b29ba370d39a9a8f38"},"headline":"Kollektives Denkversagen \u0096 nur in der Krise?","datePublished":"2020-09-17T06:02:00+00:00","dateModified":"2021-07-17T19:51:32+00:00","mainEntityOfPage":{"@id":"https:\/\/www.businessvillage.de\/blog\/kollektives-denkversagen-%c2%96-nur-in-der-krise\/"},"wordCount":797,"publisher":{"@id":"https:\/\/www.businessvillage.de\/blog\/#organization"},"image":{"@id":"https:\/\/www.businessvillage.de\/blog\/kollektives-denkversagen-%c2%96-nur-in-der-krise\/#primaryimage"},"thumbnailUrl":"https:\/\/www.businessvillage.de\/blog\/wp-content\/uploads\/2021\/06\/Henryk-Mioskowski-e1624564837641.jpg","keywords":["Kommunikation","Verantwortung","Corona","Gesellschaft","Denkversagen","Diversit\u00e4t","Zukunft","Kollektiv"],"articleSection":["Denkraum"],"inLanguage":"de"},{"@type":"WebPage","@id":"https:\/\/www.businessvillage.de\/blog\/kollektives-denkversagen-%c2%96-nur-in-der-krise\/","url":"https:\/\/www.businessvillage.de\/blog\/kollektives-denkversagen-%c2%96-nur-in-der-krise\/","name":"Kollektives Denkversagen \u0096 nur in der Krise? - BusinessVillage - Verlag f\u00fcr die Wirtschaft","isPartOf":{"@id":"https:\/\/www.businessvillage.de\/blog\/#website"},"primaryImageOfPage":{"@id":"https:\/\/www.businessvillage.de\/blog\/kollektives-denkversagen-%c2%96-nur-in-der-krise\/#primaryimage"},"image":{"@id":"https:\/\/www.businessvillage.de\/blog\/kollektives-denkversagen-%c2%96-nur-in-der-krise\/#primaryimage"},"thumbnailUrl":"https:\/\/www.businessvillage.de\/blog\/wp-content\/uploads\/2021\/06\/Henryk-Mioskowski-e1624564837641.jpg","datePublished":"2020-09-17T06:02:00+00:00","dateModified":"2021-07-17T19:51:32+00:00","breadcrumb":{"@id":"https:\/\/www.businessvillage.de\/blog\/kollektives-denkversagen-%c2%96-nur-in-der-krise\/#breadcrumb"},"inLanguage":"de","potentialAction":[{"@type":"ReadAction","target":["https:\/\/www.businessvillage.de\/blog\/kollektives-denkversagen-%c2%96-nur-in-der-krise\/"]}]},{"@type":"ImageObject","inLanguage":"de","@id":"https:\/\/www.businessvillage.de\/blog\/kollektives-denkversagen-%c2%96-nur-in-der-krise\/#primaryimage","url":"https:\/\/www.businessvillage.de\/blog\/wp-content\/uploads\/2021\/06\/Henryk-Mioskowski-e1624564837641.jpg","contentUrl":"https:\/\/www.businessvillage.de\/blog\/wp-content\/uploads\/2021\/06\/Henryk-Mioskowski-e1624564837641.jpg","width":150,"height":209},{"@type":"BreadcrumbList","@id":"https:\/\/www.businessvillage.de\/blog\/kollektives-denkversagen-%c2%96-nur-in-der-krise\/#breadcrumb","itemListElement":[{"@type":"ListItem","position":1,"name":"Startseite","item":"https:\/\/www.businessvillage.de\/blog\/"},{"@type":"ListItem","position":2,"name":"Kollektives Denkversagen \u0096 nur in der Krise?"}]},{"@type":"WebSite","@id":"https:\/\/www.businessvillage.de\/blog\/#website","url":"https:\/\/www.businessvillage.de\/blog\/","name":"BusinessVillage - Verlag f\u00fcr die Wirtschaft","description":"Das BusinessVillage Magazin","publisher":{"@id":"https:\/\/www.businessvillage.de\/blog\/#organization"},"potentialAction":[{"@type":"SearchAction","target":{"@type":"EntryPoint","urlTemplate":"https:\/\/www.businessvillage.de\/blog\/?s={search_term_string}"},"query-input":{"@type":"PropertyValueSpecification","valueRequired":true,"valueName":"search_term_string"}}],"inLanguage":"de"},{"@type":"Organization","@id":"https:\/\/www.businessvillage.de\/blog\/#organization","name":"BusinessVillage","url":"https:\/\/www.businessvillage.de\/blog\/","logo":{"@type":"ImageObject","inLanguage":"de","@id":"https:\/\/www.businessvillage.de\/blog\/#\/schema\/logo\/image\/","url":"https:\/\/www.businessvillage.de\/blog\/wp-content\/uploads\/2021\/06\/businessvillage_logo.gif","contentUrl":"https:\/\/www.businessvillage.de\/blog\/wp-content\/uploads\/2021\/06\/businessvillage_logo.gif","width":300,"height":77,"caption":"BusinessVillage"},"image":{"@id":"https:\/\/www.businessvillage.de\/blog\/#\/schema\/logo\/image\/"},"sameAs":["https:\/\/www.facebook.com\/BusinessVillage\/","https:\/\/x.com\/businessvillage","https:\/\/www.instagram.com\/businessvillage.verlag","https:\/\/www.linkedin.com\/company\/636219\/"]},{"@type":"Person","@id":"https:\/\/www.businessvillage.de\/blog\/#\/schema\/person\/00949deb7f5d27b29ba370d39a9a8f38","name":"Henryk M. Mioskowski","image":{"@type":"ImageObject","inLanguage":"de","@id":"https:\/\/secure.gravatar.com\/avatar\/0a4ffbf65843c69758cd238334ebac8ba40519b5fba651f9b2ff2d660b9048e2?s=96&d=mm&r=g","url":"https:\/\/secure.gravatar.com\/avatar\/0a4ffbf65843c69758cd238334ebac8ba40519b5fba651f9b2ff2d660b9048e2?s=96&d=mm&r=g","contentUrl":"https:\/\/secure.gravatar.com\/avatar\/0a4ffbf65843c69758cd238334ebac8ba40519b5fba651f9b2ff2d660b9048e2?s=96&d=mm&r=g","caption":"Henryk M. Mioskowski"},"description":"Henryk M. Mioskowski ist Innovationscoach, Ideentrainer und gefragter Speaker. Nach einer Kaufmannslehre und der T\u00e4tigkeit als selbstst\u00e4ndiger Vertriebscoach leitet er heute Ideenfindungs- und Innovationsworkshops bei den IDEEOLOGEN\u00ae. Als Sohn einer Lehrerin hinterfragte er schon in der 5. Klasse die Wirksamkeit klassischer Lernmethoden und wird als Vater zweier schulpflichtiger Kinder tagt\u00e4glich mit den potenzialraubenden Einfl\u00fcssen unseres Bildungssystems konfrontiert. Ein Umstand, der ihn inspiriert hat,\u00a0 Wege zu finden, wie neue Denkans\u00e4tze im Bildungssystem und der Wirtschaft den kreativen Anforderungen der Zukunft gerecht werden.","url":"https:\/\/www.businessvillage.de\/blog\/author\/hmioskowski\/"}]}},"_links":{"self":[{"href":"https:\/\/www.businessvillage.de\/blog\/wp-json\/wp\/v2\/posts\/1927","targetHints":{"allow":["GET"]}}],"collection":[{"href":"https:\/\/www.businessvillage.de\/blog\/wp-json\/wp\/v2\/posts"}],"about":[{"href":"https:\/\/www.businessvillage.de\/blog\/wp-json\/wp\/v2\/types\/post"}],"author":[{"embeddable":true,"href":"https:\/\/www.businessvillage.de\/blog\/wp-json\/wp\/v2\/users\/134"}],"replies":[{"embeddable":true,"href":"https:\/\/www.businessvillage.de\/blog\/wp-json\/wp\/v2\/comments?post=1927"}],"version-history":[{"count":5,"href":"https:\/\/www.businessvillage.de\/blog\/wp-json\/wp\/v2\/posts\/1927\/revisions"}],"predecessor-version":[{"id":6805,"href":"https:\/\/www.businessvillage.de\/blog\/wp-json\/wp\/v2\/posts\/1927\/revisions\/6805"}],"wp:featuredmedia":[{"embeddable":true,"href":"https:\/\/www.businessvillage.de\/blog\/wp-json\/wp\/v2\/media\/1101"}],"wp:attachment":[{"href":"https:\/\/www.businessvillage.de\/blog\/wp-json\/wp\/v2\/media?parent=1927"}],"wp:term":[{"taxonomy":"category","embeddable":true,"href":"https:\/\/www.businessvillage.de\/blog\/wp-json\/wp\/v2\/categories?post=1927"},{"taxonomy":"post_tag","embeddable":true,"href":"https:\/\/www.businessvillage.de\/blog\/wp-json\/wp\/v2\/tags?post=1927"}],"curies":[{"name":"wp","href":"https:\/\/api.w.org\/{rel}","templated":true}]}}