{"id":1887,"date":"2020-02-20T07:15:00","date_gmt":"2020-02-20T06:15:00","guid":{"rendered":"https:\/\/test-bv.gambiocloud.com\/blog\/2020\/02\/20\/das-grosse-missverstaendnis-in-der-gewaltfreien-kommunikation-teil-i\/"},"modified":"2021-07-17T22:00:41","modified_gmt":"2021-07-17T20:00:41","slug":"das-grosse-missverstaendnis-in-der-gewaltfreien-kommunikation-teil-i","status":"publish","type":"post","link":"https:\/\/www.businessvillage.de\/blog\/das-grosse-missverstaendnis-in-der-gewaltfreien-kommunikation-teil-i\/","title":{"rendered":"Das gro\u00dfe Missverst\u00e4ndnis in der Gewaltfreien Kommunikation (Teil I)"},"content":{"rendered":"\n<p><strong>Um die Gewaltfreie Kommunikation richtig zu verstehen, muss man einiges \u00fcber Pers\u00f6nlichkeitsentwicklung wissen. Eines der gr\u00f6\u00dften Missverst\u00e4ndnisse der Gewaltfreien Kommunikation ist der Glaube daran, dass sie automatisch zur Transformation f\u00fchrt. Dem ist aber nicht so. Denn nicht selten hat die Gewaltfreie Kommunikation eine Tendenz zu regressiven Lernsituationen. Im ersten Teil der Artikelserie von Markus Fischer geht es um das Fundament: Haltung und Pers\u00f6nlichkeitsentwicklung.<\/strong><\/p>\n\n\n\n<p>Haltung und Pers\u00f6nlichkeitsentwicklung beschreiben notwendige, innere Qualit\u00e4ten von Beratern, Therapeuten oder Trainern. Die Forschung zeigt die Entwicklungsstufen von Haltung und Pers\u00f6nlichkeit. Transformation, Translation und Regression sind die drei Richtungen dieser Entwicklung.<br>Das Missverst\u00e4ndnis der Gewaltfreien Kommunikation ist der Glaube, sie f\u00fchrt automatisch zur Transformation. Entscheidend ist, ob transformative, translative oder regressive Lernsituationen geschaffen werden. Die Tendenz zur Regression ist ein Problem in der <a href=\"https:\/\/www.businessvillage.de\/blog\/wenn-es-zwischen-weltbild-und-realitaet-knallt\/\">Gewaltfreien Kommunikation<\/a>.<\/p>\n\n\n\n<h2 class=\"wp-block-heading\">Haltung ist (fast) alles<\/h2>\n\n\n\n<p>Carl Rogers wies als einer der ersten darauf hin, dass die Pers\u00f6nlichkeit und Haltung des Therapeuten der wichtigste Faktor ist, weniger seine Methode oder Technik. Rogers sah jedoch bereits die Gefahr voraus, dass versucht wird, aus der Haltung auch wieder eine Technik zu machen, die antrainiert werden kann. Haltung muss, nach Rogers, als ein \u201csense of being\u201d (\u201cWesensart\u201d) verstanden werden und diese kann man sich nicht einfach aneignen wie eine Methode.<\/p>\n\n\n\n<figure class=\"wp-block-image\"><a href=\"https:\/\/www.businessvillage.de\/die-neue-gewaltfreie-kommunikation\/eb-1076.html\"><img decoding=\"async\" src=\"\/images\/product_images\/info_images\/1076.jpg\" alt=\"\"\/><\/a><\/figure>\n\n\n\n<p>Im therapeutischen Setting wird von \u201csystemischer\u201d, \u201eressourcenorientierter\u201d, \u201cgewaltfreier\u201d, \u201cwertsch\u00e4tzender\u201d etc. Haltung gesprochen. Ich m\u00f6chte Haltung offener definieren. Ich verstehe unter Haltung den Kontext des Denkens, F\u00fchlen- und Handelns. Der Begriff Kontext finde ich hilfreich, denn er bedeutet \u201cSinnzusammenhang\u201d, \u201eHintergrund\u201c oder \u201cZusammenhang, in dem bestimmte Dinge stehen oder betrachtet werden m\u00fcssen\u201d (Definition des Duden).<\/p>\n\n\n\n<h2 class=\"wp-block-heading\">Haltung ist das, was man nicht sieht<\/h2>\n\n\n\n<p>Die Haltung des Beraters ist das, was man nicht sehen, h\u00f6ren, beobachten kann sondern das, was sich durch die Inhalte, Methode und Technik hindurch ausdr\u00fcckt. Die Methode und Technik ist dagegen das, was man bei einem Berater beobachten kann, das was er sagt oder tut. Haltung ist wie die angenehme Hintergrundmusik beim perfekten Candle-light-Dinner \u2014 man nimmt sie kaum wahr, aber wenn sie aufh\u00f6rt, merkt man es sofort. Sie ist der innere Raum eines Beraters, gef\u00e4rbt von seiner Lebenserfahrung, seinen Werten, seinen Licht- und auch Schattenseiten.<\/p>\n\n\n\n<p>Die Haltung bildet den Zusammenhang, ohne den eine Beratungstechnik weder richtig verstanden, noch richtig angewendet werden kann. Unser Denken, F\u00fchlen und Handeln wird durch die \u201cHintergrundmusik\u201d der Haltung gepr\u00e4gt und gef\u00e4rbt. Wie der dezente Geruch eines Parf\u00fcms bestimmen Haltung und Pers\u00f6nlichkeit, den grundlegenden \u201eGeschmack\u201c hinter den Gedanken, <a class=\"wpil_keyword_link \" href=\"\/gefuehle\/eb-1084.html\"  title=\"Gef\u00fchle\" data-wpil-keyword-link=\"linked\">Gef\u00fchle<\/a> und Handlungen.<\/p>\n\n\n\n<p>Dies ist uns kaum oder gar nicht bewusst, denn Haltung und Pers\u00f6nlichkeit sind viel zu sehr mit unserem Wesen verkn\u00fcpft und identifiziert, als dass wir diese mit Abstand betrachten k\u00f6nnten.<\/p>\n\n\n\n<h2 class=\"wp-block-heading\">Haltung und Pers\u00f6nlichkeitsentwicklung \u2014 was die Forschung dazu sagt<\/h2>\n\n\n\n<p>Wer \u201ehard facts\u201c f\u00fcr diese \u201csoft skills\u201d sucht, f\u00fcr den h\u00e4lt die Forschung einige \u00dcberraschungen bereit. Psychologen und Soziologen haben in den letzten Jahrzehnten viele Untersuchungen durchgef\u00fchrt und dabei Interessantes ans Licht gebracht. Dazu haben sie Personen \u00fcber viele Jahre hinweg zu ethischen, moralischen oder politischen Themen befragt.<\/p>\n\n\n\n<p>Der Psychologe Lawrence Kohlberg (1927\u20131987) hat bspw. in einer Studie folgende Frage gestellt: \u201cIhre Frau ist todkrank und Sie haben kein Geld. In der Apotheke gibt es ein sehr teures Heilmittel. D\u00fcrfen Sie das Mittel stehlen?\u201d. Was dabei herauskam, war \u00fcberraschend.<br>Es stellte sich heraus, dass sich die Antworten bei den Befragten im Laufe ihres Lebens ver\u00e4ndern, und dass die Richtung dieser Ver\u00e4nderung immer gleich war. Dabei gab es im wesentlichen drei Kategorien von Antworten. Kohlberg nannte sie \u201cpr\u00e4konventionelle\u201d, \u201ckonventionelle\u201d und \u201cpostkonventionelle\u201d Antworten.<\/p>\n\n\n\n<h2 class=\"wp-block-heading\">Darf man stehlen ? Ja, Nein oder Ja<\/h2>\n\n\n\n<p>Pr\u00e4konventionelle Antworten dr\u00fccken eine Haltung aus, die sich sich nicht um Regeln und Gesetzte (Konventionen) k\u00fcmmert, sondern allein um die eigenen, egoistischen W\u00fcnsche und Bed\u00fcrfnisse. Meist geht es darum, Bestrafung\/Schmerz zu vermeiden. Also eine Antwort wie \u201eKlar stehle ich das Medikament. Mir sagt niemand was ich zu tun oder zu lassen habe!\u201c<\/p>\n\n\n\n<p>Konventionelle Antworten orientieren sich an dem, was \u201csich geh\u00f6rt\u201d, an festgeschriebenen Normen und Gesetze, und an den Moralvorstellungen der Gruppe, der man angeh\u00f6rt. Also bspw. eine Antwort wie \u201eNein, stehlen darf man nicht, auch wenn ich einen Vorteil davon habe. Wenn das jeder machen w\u00fcrde.\u201c<\/p>\n\n\n\n<p>Postkonventionelle Antworten reflektieren die vorherrschende Moral vor dem Hintergrund universeller ethischer, rational begr\u00fcndeter Normen, beziehen das eigene Gewissen mit ein und versuchen stimmige, widerspruchsfreie L\u00f6sungen zu finden. Also etwa: \u201eNat\u00fcrlich stehle ich das Medikament. Gesellschaftliche Regeln d\u00fcrfen nicht \u00fcber dem Leben eines Menschen stehen.\u201c<\/p>\n\n\n\n<p>Interessant in Bezug auf die Ausgangsfrage ist in der Studie, dass sowohl die pr\u00e4- als auch konventionelle Haltung Gr\u00fcnde f\u00fcr oder gegen den Diebstahl nannten \u2014 die postkonventionelle Haltung den Diebstahl jedoch immer gut hie\u00df und keine Gegenargumente fand. Menschliches Leben steht \u00fcber dem Gesetz, so die universelle, postkonventionelle Haltung.<\/p>\n\n\n\n<p><a href=\"http:\/\/www.businessvillage.de\/Das-grosze-Missverstaendnis-in-der-Gewaltfreien-Kommunikation-%28Teil-II%29\/mag-1921.html\" target=\"_self\" rel=\"noopener\">\u00bbDas gro\u00dfe Missverst\u00e4ndnis in der Gewaltfreien Kommunikation (Teil II)<\/a><\/p>\n","protected":false},"excerpt":{"rendered":"<p>Um die Gewaltfreie Kommunikation richtig zu verstehen, muss man einiges \u00fcber Pers\u00f6nlichkeitsentwicklung wissen. Eines der gr\u00f6\u00dften Missverst\u00e4ndnisse der Gewaltfreien Kommunikation ist der Glaube daran, dass sie automatisch zur Transformation f\u00fchrt. Dem ist aber nicht so. Denn nicht selten hat die Gewaltfreie Kommunikation eine Tendenz zu regressiven Lernsituationen. Im ersten Teil der Artikelserie von Markus Fischer &hellip; <a href=\"https:\/\/www.businessvillage.de\/blog\/das-grosse-missverstaendnis-in-der-gewaltfreien-kommunikation-teil-i\/\">Weiterlesen<\/a><\/p>\n","protected":false},"author":166,"featured_media":1169,"comment_status":"closed","ping_status":"closed","sticky":false,"template":"","format":"standard","meta":{"footnotes":""},"categories":[16],"tags":[],"class_list":["post-1887","post","type-post","status-publish","format-standard","has-post-thumbnail","hentry","category-gewaltfreie-kommunikation"],"yoast_head":"<!-- This site is optimized with the Yoast SEO plugin v27.5 - https:\/\/yoast.com\/product\/yoast-seo-wordpress\/ -->\n<title>Das gro\u00dfe Missverst\u00e4ndnis in der Gewaltfreien Kommunikation (Teil I) - BusinessVillage - Verlag f\u00fcr die Wirtschaft<\/title>\n<meta name=\"robots\" content=\"index, follow, max-snippet:-1, max-image-preview:large, max-video-preview:-1\" \/>\n<link rel=\"canonical\" href=\"https:\/\/www.businessvillage.de\/blog\/das-grosse-missverstaendnis-in-der-gewaltfreien-kommunikation-teil-i\/\" \/>\n<meta property=\"og:locale\" content=\"de_DE\" \/>\n<meta property=\"og:type\" content=\"article\" \/>\n<meta property=\"og:title\" content=\"Das gro\u00dfe Missverst\u00e4ndnis in der Gewaltfreien Kommunikation (Teil I) - BusinessVillage - Verlag f\u00fcr die Wirtschaft\" \/>\n<meta property=\"og:description\" content=\"Um die Gewaltfreie Kommunikation richtig zu verstehen, muss man einiges \u00fcber Pers\u00f6nlichkeitsentwicklung wissen. Eines der gr\u00f6\u00dften Missverst\u00e4ndnisse der Gewaltfreien Kommunikation ist der Glaube daran, dass sie automatisch zur Transformation f\u00fchrt. Dem ist aber nicht so. Denn nicht selten hat die Gewaltfreie Kommunikation eine Tendenz zu regressiven Lernsituationen. Im ersten Teil der Artikelserie von Markus Fischer &hellip; Weiterlesen\" \/>\n<meta property=\"og:url\" content=\"https:\/\/www.businessvillage.de\/blog\/das-grosse-missverstaendnis-in-der-gewaltfreien-kommunikation-teil-i\/\" \/>\n<meta property=\"og:site_name\" content=\"BusinessVillage - Verlag f\u00fcr die Wirtschaft\" \/>\n<meta property=\"article:publisher\" content=\"https:\/\/www.facebook.com\/BusinessVillage\/\" \/>\n<meta property=\"article:published_time\" content=\"2020-02-20T06:15:00+00:00\" \/>\n<meta property=\"article:modified_time\" content=\"2021-07-17T20:00:41+00:00\" \/>\n<meta property=\"og:image\" content=\"https:\/\/www.businessvillage.de\/blog\/wp-content\/uploads\/2021\/06\/Markus-Fischer-e1624564726329.jpg\" \/>\n\t<meta property=\"og:image:width\" content=\"150\" \/>\n\t<meta property=\"og:image:height\" content=\"209\" \/>\n\t<meta property=\"og:image:type\" content=\"image\/jpeg\" \/>\n<meta name=\"author\" content=\"Markus Fischer\" \/>\n<meta name=\"twitter:card\" content=\"summary_large_image\" \/>\n<meta name=\"twitter:creator\" content=\"@businessvillage\" \/>\n<meta name=\"twitter:site\" content=\"@businessvillage\" \/>\n<meta name=\"twitter:label1\" content=\"Verfasst von\" \/>\n\t<meta name=\"twitter:data1\" content=\"Markus Fischer\" \/>\n\t<meta name=\"twitter:label2\" content=\"Gesch\u00e4tzte Lesezeit\" \/>\n\t<meta name=\"twitter:data2\" content=\"4\u00a0Minuten\" \/>\n<script type=\"application\/ld+json\" class=\"yoast-schema-graph\">{\"@context\":\"https:\\\/\\\/schema.org\",\"@graph\":[{\"@type\":\"Article\",\"@id\":\"https:\\\/\\\/www.businessvillage.de\\\/blog\\\/das-grosse-missverstaendnis-in-der-gewaltfreien-kommunikation-teil-i\\\/#article\",\"isPartOf\":{\"@id\":\"https:\\\/\\\/www.businessvillage.de\\\/blog\\\/das-grosse-missverstaendnis-in-der-gewaltfreien-kommunikation-teil-i\\\/\"},\"author\":{\"name\":\"Markus Fischer\",\"@id\":\"https:\\\/\\\/www.businessvillage.de\\\/blog\\\/#\\\/schema\\\/person\\\/37ba8bd304fe7a46c67b163df374bb1e\"},\"headline\":\"Das gro\u00dfe Missverst\u00e4ndnis in der Gewaltfreien Kommunikation (Teil I)\",\"datePublished\":\"2020-02-20T06:15:00+00:00\",\"dateModified\":\"2021-07-17T20:00:41+00:00\",\"mainEntityOfPage\":{\"@id\":\"https:\\\/\\\/www.businessvillage.de\\\/blog\\\/das-grosse-missverstaendnis-in-der-gewaltfreien-kommunikation-teil-i\\\/\"},\"wordCount\":838,\"publisher\":{\"@id\":\"https:\\\/\\\/www.businessvillage.de\\\/blog\\\/#organization\"},\"image\":{\"@id\":\"https:\\\/\\\/www.businessvillage.de\\\/blog\\\/das-grosse-missverstaendnis-in-der-gewaltfreien-kommunikation-teil-i\\\/#primaryimage\"},\"thumbnailUrl\":\"https:\\\/\\\/www.businessvillage.de\\\/blog\\\/wp-content\\\/uploads\\\/2021\\\/06\\\/Markus-Fischer-e1624564726329.jpg\",\"articleSection\":[\"Gewaltfreie Kommunikation\"],\"inLanguage\":\"de\"},{\"@type\":\"WebPage\",\"@id\":\"https:\\\/\\\/www.businessvillage.de\\\/blog\\\/das-grosse-missverstaendnis-in-der-gewaltfreien-kommunikation-teil-i\\\/\",\"url\":\"https:\\\/\\\/www.businessvillage.de\\\/blog\\\/das-grosse-missverstaendnis-in-der-gewaltfreien-kommunikation-teil-i\\\/\",\"name\":\"Das gro\u00dfe Missverst\u00e4ndnis in der Gewaltfreien Kommunikation (Teil I) - BusinessVillage - Verlag f\u00fcr die Wirtschaft\",\"isPartOf\":{\"@id\":\"https:\\\/\\\/www.businessvillage.de\\\/blog\\\/#website\"},\"primaryImageOfPage\":{\"@id\":\"https:\\\/\\\/www.businessvillage.de\\\/blog\\\/das-grosse-missverstaendnis-in-der-gewaltfreien-kommunikation-teil-i\\\/#primaryimage\"},\"image\":{\"@id\":\"https:\\\/\\\/www.businessvillage.de\\\/blog\\\/das-grosse-missverstaendnis-in-der-gewaltfreien-kommunikation-teil-i\\\/#primaryimage\"},\"thumbnailUrl\":\"https:\\\/\\\/www.businessvillage.de\\\/blog\\\/wp-content\\\/uploads\\\/2021\\\/06\\\/Markus-Fischer-e1624564726329.jpg\",\"datePublished\":\"2020-02-20T06:15:00+00:00\",\"dateModified\":\"2021-07-17T20:00:41+00:00\",\"breadcrumb\":{\"@id\":\"https:\\\/\\\/www.businessvillage.de\\\/blog\\\/das-grosse-missverstaendnis-in-der-gewaltfreien-kommunikation-teil-i\\\/#breadcrumb\"},\"inLanguage\":\"de\",\"potentialAction\":[{\"@type\":\"ReadAction\",\"target\":[\"https:\\\/\\\/www.businessvillage.de\\\/blog\\\/das-grosse-missverstaendnis-in-der-gewaltfreien-kommunikation-teil-i\\\/\"]}]},{\"@type\":\"ImageObject\",\"inLanguage\":\"de\",\"@id\":\"https:\\\/\\\/www.businessvillage.de\\\/blog\\\/das-grosse-missverstaendnis-in-der-gewaltfreien-kommunikation-teil-i\\\/#primaryimage\",\"url\":\"https:\\\/\\\/www.businessvillage.de\\\/blog\\\/wp-content\\\/uploads\\\/2021\\\/06\\\/Markus-Fischer-e1624564726329.jpg\",\"contentUrl\":\"https:\\\/\\\/www.businessvillage.de\\\/blog\\\/wp-content\\\/uploads\\\/2021\\\/06\\\/Markus-Fischer-e1624564726329.jpg\",\"width\":150,\"height\":209},{\"@type\":\"BreadcrumbList\",\"@id\":\"https:\\\/\\\/www.businessvillage.de\\\/blog\\\/das-grosse-missverstaendnis-in-der-gewaltfreien-kommunikation-teil-i\\\/#breadcrumb\",\"itemListElement\":[{\"@type\":\"ListItem\",\"position\":1,\"name\":\"Startseite\",\"item\":\"https:\\\/\\\/www.businessvillage.de\\\/blog\\\/\"},{\"@type\":\"ListItem\",\"position\":2,\"name\":\"Das gro\u00dfe Missverst\u00e4ndnis in der Gewaltfreien Kommunikation (Teil I)\"}]},{\"@type\":\"WebSite\",\"@id\":\"https:\\\/\\\/www.businessvillage.de\\\/blog\\\/#website\",\"url\":\"https:\\\/\\\/www.businessvillage.de\\\/blog\\\/\",\"name\":\"BusinessVillage - Verlag f\u00fcr die Wirtschaft\",\"description\":\"Das BusinessVillage Magazin\",\"publisher\":{\"@id\":\"https:\\\/\\\/www.businessvillage.de\\\/blog\\\/#organization\"},\"potentialAction\":[{\"@type\":\"SearchAction\",\"target\":{\"@type\":\"EntryPoint\",\"urlTemplate\":\"https:\\\/\\\/www.businessvillage.de\\\/blog\\\/?s={search_term_string}\"},\"query-input\":{\"@type\":\"PropertyValueSpecification\",\"valueRequired\":true,\"valueName\":\"search_term_string\"}}],\"inLanguage\":\"de\"},{\"@type\":\"Organization\",\"@id\":\"https:\\\/\\\/www.businessvillage.de\\\/blog\\\/#organization\",\"name\":\"BusinessVillage\",\"url\":\"https:\\\/\\\/www.businessvillage.de\\\/blog\\\/\",\"logo\":{\"@type\":\"ImageObject\",\"inLanguage\":\"de\",\"@id\":\"https:\\\/\\\/www.businessvillage.de\\\/blog\\\/#\\\/schema\\\/logo\\\/image\\\/\",\"url\":\"https:\\\/\\\/www.businessvillage.de\\\/blog\\\/wp-content\\\/uploads\\\/2021\\\/06\\\/businessvillage_logo.gif\",\"contentUrl\":\"https:\\\/\\\/www.businessvillage.de\\\/blog\\\/wp-content\\\/uploads\\\/2021\\\/06\\\/businessvillage_logo.gif\",\"width\":300,\"height\":77,\"caption\":\"BusinessVillage\"},\"image\":{\"@id\":\"https:\\\/\\\/www.businessvillage.de\\\/blog\\\/#\\\/schema\\\/logo\\\/image\\\/\"},\"sameAs\":[\"https:\\\/\\\/www.facebook.com\\\/BusinessVillage\\\/\",\"https:\\\/\\\/x.com\\\/businessvillage\",\"https:\\\/\\\/www.instagram.com\\\/businessvillage.verlag\",\"https:\\\/\\\/www.linkedin.com\\\/company\\\/636219\\\/\"]},{\"@type\":\"Person\",\"@id\":\"https:\\\/\\\/www.businessvillage.de\\\/blog\\\/#\\\/schema\\\/person\\\/37ba8bd304fe7a46c67b163df374bb1e\",\"name\":\"Markus Fischer\",\"image\":{\"@type\":\"ImageObject\",\"inLanguage\":\"de\",\"@id\":\"https:\\\/\\\/secure.gravatar.com\\\/avatar\\\/b2c8f0ac98696f449ae072c90ebee451f07fe96e245db1d90aa95ff6c6821318?s=96&d=mm&r=g\",\"url\":\"https:\\\/\\\/secure.gravatar.com\\\/avatar\\\/b2c8f0ac98696f449ae072c90ebee451f07fe96e245db1d90aa95ff6c6821318?s=96&d=mm&r=g\",\"contentUrl\":\"https:\\\/\\\/secure.gravatar.com\\\/avatar\\\/b2c8f0ac98696f449ae072c90ebee451f07fe96e245db1d90aa95ff6c6821318?s=96&d=mm&r=g\",\"caption\":\"Markus Fischer\"},\"description\":\"Markus Fischer, Dipl. Volkswirt, unterst\u00fctzt seit \u00fcber 20 Jahren die Kl\u00e4rung spannungsgeladener Beziehungen und wei\u00df von sich selbst, dass Konflikte selten willkommen sind. Als Pionier der Gewaltfreien Kommunikation in Deutschland ist er ein kritischer Denker geblieben. Heute begleitet er den Kulturwandel in Unternehmen nach dem Grundsatz: Freiheit gibt es nur mit Verantwortung.\",\"sameAs\":[\"http:\\\/\\\/www.knotenloesen.com\",\"https:\\\/\\\/www.linkedin.com\\\/in\\\/markus-fischer-b908605\\\/\"],\"url\":\"https:\\\/\\\/www.businessvillage.de\\\/blog\\\/author\\\/mfischer\\\/\"}]}<\/script>\n<!-- \/ Yoast SEO plugin. -->","yoast_head_json":{"title":"Das gro\u00dfe Missverst\u00e4ndnis in der Gewaltfreien Kommunikation (Teil I) - BusinessVillage - Verlag f\u00fcr die Wirtschaft","robots":{"index":"index","follow":"follow","max-snippet":"max-snippet:-1","max-image-preview":"max-image-preview:large","max-video-preview":"max-video-preview:-1"},"canonical":"https:\/\/www.businessvillage.de\/blog\/das-grosse-missverstaendnis-in-der-gewaltfreien-kommunikation-teil-i\/","og_locale":"de_DE","og_type":"article","og_title":"Das gro\u00dfe Missverst\u00e4ndnis in der Gewaltfreien Kommunikation (Teil I) - BusinessVillage - Verlag f\u00fcr die Wirtschaft","og_description":"Um die Gewaltfreie Kommunikation richtig zu verstehen, muss man einiges \u00fcber Pers\u00f6nlichkeitsentwicklung wissen. Eines der gr\u00f6\u00dften Missverst\u00e4ndnisse der Gewaltfreien Kommunikation ist der Glaube daran, dass sie automatisch zur Transformation f\u00fchrt. Dem ist aber nicht so. Denn nicht selten hat die Gewaltfreie Kommunikation eine Tendenz zu regressiven Lernsituationen. Im ersten Teil der Artikelserie von Markus Fischer &hellip; Weiterlesen","og_url":"https:\/\/www.businessvillage.de\/blog\/das-grosse-missverstaendnis-in-der-gewaltfreien-kommunikation-teil-i\/","og_site_name":"BusinessVillage - Verlag f\u00fcr die Wirtschaft","article_publisher":"https:\/\/www.facebook.com\/BusinessVillage\/","article_published_time":"2020-02-20T06:15:00+00:00","article_modified_time":"2021-07-17T20:00:41+00:00","og_image":[{"width":150,"height":209,"url":"https:\/\/www.businessvillage.de\/blog\/wp-content\/uploads\/2021\/06\/Markus-Fischer-e1624564726329.jpg","type":"image\/jpeg"}],"author":"Markus Fischer","twitter_card":"summary_large_image","twitter_creator":"@businessvillage","twitter_site":"@businessvillage","twitter_misc":{"Verfasst von":"Markus Fischer","Gesch\u00e4tzte Lesezeit":"4\u00a0Minuten"},"schema":{"@context":"https:\/\/schema.org","@graph":[{"@type":"Article","@id":"https:\/\/www.businessvillage.de\/blog\/das-grosse-missverstaendnis-in-der-gewaltfreien-kommunikation-teil-i\/#article","isPartOf":{"@id":"https:\/\/www.businessvillage.de\/blog\/das-grosse-missverstaendnis-in-der-gewaltfreien-kommunikation-teil-i\/"},"author":{"name":"Markus Fischer","@id":"https:\/\/www.businessvillage.de\/blog\/#\/schema\/person\/37ba8bd304fe7a46c67b163df374bb1e"},"headline":"Das gro\u00dfe Missverst\u00e4ndnis in der Gewaltfreien Kommunikation (Teil I)","datePublished":"2020-02-20T06:15:00+00:00","dateModified":"2021-07-17T20:00:41+00:00","mainEntityOfPage":{"@id":"https:\/\/www.businessvillage.de\/blog\/das-grosse-missverstaendnis-in-der-gewaltfreien-kommunikation-teil-i\/"},"wordCount":838,"publisher":{"@id":"https:\/\/www.businessvillage.de\/blog\/#organization"},"image":{"@id":"https:\/\/www.businessvillage.de\/blog\/das-grosse-missverstaendnis-in-der-gewaltfreien-kommunikation-teil-i\/#primaryimage"},"thumbnailUrl":"https:\/\/www.businessvillage.de\/blog\/wp-content\/uploads\/2021\/06\/Markus-Fischer-e1624564726329.jpg","articleSection":["Gewaltfreie Kommunikation"],"inLanguage":"de"},{"@type":"WebPage","@id":"https:\/\/www.businessvillage.de\/blog\/das-grosse-missverstaendnis-in-der-gewaltfreien-kommunikation-teil-i\/","url":"https:\/\/www.businessvillage.de\/blog\/das-grosse-missverstaendnis-in-der-gewaltfreien-kommunikation-teil-i\/","name":"Das gro\u00dfe Missverst\u00e4ndnis in der Gewaltfreien Kommunikation (Teil I) - BusinessVillage - Verlag f\u00fcr die Wirtschaft","isPartOf":{"@id":"https:\/\/www.businessvillage.de\/blog\/#website"},"primaryImageOfPage":{"@id":"https:\/\/www.businessvillage.de\/blog\/das-grosse-missverstaendnis-in-der-gewaltfreien-kommunikation-teil-i\/#primaryimage"},"image":{"@id":"https:\/\/www.businessvillage.de\/blog\/das-grosse-missverstaendnis-in-der-gewaltfreien-kommunikation-teil-i\/#primaryimage"},"thumbnailUrl":"https:\/\/www.businessvillage.de\/blog\/wp-content\/uploads\/2021\/06\/Markus-Fischer-e1624564726329.jpg","datePublished":"2020-02-20T06:15:00+00:00","dateModified":"2021-07-17T20:00:41+00:00","breadcrumb":{"@id":"https:\/\/www.businessvillage.de\/blog\/das-grosse-missverstaendnis-in-der-gewaltfreien-kommunikation-teil-i\/#breadcrumb"},"inLanguage":"de","potentialAction":[{"@type":"ReadAction","target":["https:\/\/www.businessvillage.de\/blog\/das-grosse-missverstaendnis-in-der-gewaltfreien-kommunikation-teil-i\/"]}]},{"@type":"ImageObject","inLanguage":"de","@id":"https:\/\/www.businessvillage.de\/blog\/das-grosse-missverstaendnis-in-der-gewaltfreien-kommunikation-teil-i\/#primaryimage","url":"https:\/\/www.businessvillage.de\/blog\/wp-content\/uploads\/2021\/06\/Markus-Fischer-e1624564726329.jpg","contentUrl":"https:\/\/www.businessvillage.de\/blog\/wp-content\/uploads\/2021\/06\/Markus-Fischer-e1624564726329.jpg","width":150,"height":209},{"@type":"BreadcrumbList","@id":"https:\/\/www.businessvillage.de\/blog\/das-grosse-missverstaendnis-in-der-gewaltfreien-kommunikation-teil-i\/#breadcrumb","itemListElement":[{"@type":"ListItem","position":1,"name":"Startseite","item":"https:\/\/www.businessvillage.de\/blog\/"},{"@type":"ListItem","position":2,"name":"Das gro\u00dfe Missverst\u00e4ndnis in der Gewaltfreien Kommunikation (Teil I)"}]},{"@type":"WebSite","@id":"https:\/\/www.businessvillage.de\/blog\/#website","url":"https:\/\/www.businessvillage.de\/blog\/","name":"BusinessVillage - Verlag f\u00fcr die Wirtschaft","description":"Das BusinessVillage Magazin","publisher":{"@id":"https:\/\/www.businessvillage.de\/blog\/#organization"},"potentialAction":[{"@type":"SearchAction","target":{"@type":"EntryPoint","urlTemplate":"https:\/\/www.businessvillage.de\/blog\/?s={search_term_string}"},"query-input":{"@type":"PropertyValueSpecification","valueRequired":true,"valueName":"search_term_string"}}],"inLanguage":"de"},{"@type":"Organization","@id":"https:\/\/www.businessvillage.de\/blog\/#organization","name":"BusinessVillage","url":"https:\/\/www.businessvillage.de\/blog\/","logo":{"@type":"ImageObject","inLanguage":"de","@id":"https:\/\/www.businessvillage.de\/blog\/#\/schema\/logo\/image\/","url":"https:\/\/www.businessvillage.de\/blog\/wp-content\/uploads\/2021\/06\/businessvillage_logo.gif","contentUrl":"https:\/\/www.businessvillage.de\/blog\/wp-content\/uploads\/2021\/06\/businessvillage_logo.gif","width":300,"height":77,"caption":"BusinessVillage"},"image":{"@id":"https:\/\/www.businessvillage.de\/blog\/#\/schema\/logo\/image\/"},"sameAs":["https:\/\/www.facebook.com\/BusinessVillage\/","https:\/\/x.com\/businessvillage","https:\/\/www.instagram.com\/businessvillage.verlag","https:\/\/www.linkedin.com\/company\/636219\/"]},{"@type":"Person","@id":"https:\/\/www.businessvillage.de\/blog\/#\/schema\/person\/37ba8bd304fe7a46c67b163df374bb1e","name":"Markus Fischer","image":{"@type":"ImageObject","inLanguage":"de","@id":"https:\/\/secure.gravatar.com\/avatar\/b2c8f0ac98696f449ae072c90ebee451f07fe96e245db1d90aa95ff6c6821318?s=96&d=mm&r=g","url":"https:\/\/secure.gravatar.com\/avatar\/b2c8f0ac98696f449ae072c90ebee451f07fe96e245db1d90aa95ff6c6821318?s=96&d=mm&r=g","contentUrl":"https:\/\/secure.gravatar.com\/avatar\/b2c8f0ac98696f449ae072c90ebee451f07fe96e245db1d90aa95ff6c6821318?s=96&d=mm&r=g","caption":"Markus Fischer"},"description":"Markus Fischer, Dipl. Volkswirt, unterst\u00fctzt seit \u00fcber 20 Jahren die Kl\u00e4rung spannungsgeladener Beziehungen und wei\u00df von sich selbst, dass Konflikte selten willkommen sind. Als Pionier der Gewaltfreien Kommunikation in Deutschland ist er ein kritischer Denker geblieben. Heute begleitet er den Kulturwandel in Unternehmen nach dem Grundsatz: Freiheit gibt es nur mit Verantwortung.","sameAs":["http:\/\/www.knotenloesen.com","https:\/\/www.linkedin.com\/in\/markus-fischer-b908605\/"],"url":"https:\/\/www.businessvillage.de\/blog\/author\/mfischer\/"}]}},"_links":{"self":[{"href":"https:\/\/www.businessvillage.de\/blog\/wp-json\/wp\/v2\/posts\/1887","targetHints":{"allow":["GET"]}}],"collection":[{"href":"https:\/\/www.businessvillage.de\/blog\/wp-json\/wp\/v2\/posts"}],"about":[{"href":"https:\/\/www.businessvillage.de\/blog\/wp-json\/wp\/v2\/types\/post"}],"author":[{"embeddable":true,"href":"https:\/\/www.businessvillage.de\/blog\/wp-json\/wp\/v2\/users\/166"}],"replies":[{"embeddable":true,"href":"https:\/\/www.businessvillage.de\/blog\/wp-json\/wp\/v2\/comments?post=1887"}],"version-history":[{"count":4,"href":"https:\/\/www.businessvillage.de\/blog\/wp-json\/wp\/v2\/posts\/1887\/revisions"}],"predecessor-version":[{"id":6698,"href":"https:\/\/www.businessvillage.de\/blog\/wp-json\/wp\/v2\/posts\/1887\/revisions\/6698"}],"wp:featuredmedia":[{"embeddable":true,"href":"https:\/\/www.businessvillage.de\/blog\/wp-json\/wp\/v2\/media\/1169"}],"wp:attachment":[{"href":"https:\/\/www.businessvillage.de\/blog\/wp-json\/wp\/v2\/media?parent=1887"}],"wp:term":[{"taxonomy":"category","embeddable":true,"href":"https:\/\/www.businessvillage.de\/blog\/wp-json\/wp\/v2\/categories?post=1887"},{"taxonomy":"post_tag","embeddable":true,"href":"https:\/\/www.businessvillage.de\/blog\/wp-json\/wp\/v2\/tags?post=1887"}],"curies":[{"name":"wp","href":"https:\/\/api.w.org\/{rel}","templated":true}]}}