{"id":1739,"date":"2018-06-07T08:30:00","date_gmt":"2018-06-07T08:30:00","guid":{"rendered":"https:\/\/test-bv.gambiocloud.com\/blog\/2018\/06\/07\/alles-agil-oder-was\/"},"modified":"2023-02-21T15:41:58","modified_gmt":"2023-02-21T14:41:58","slug":"alles-agil-oder-was","status":"publish","type":"post","link":"https:\/\/www.businessvillage.de\/blog\/alles-agil-oder-was\/","title":{"rendered":"Alles agil oder was?"},"content":{"rendered":"\n<p><strong>Sprechen wir \u00fcber alte und neue F\u00fchrung, muss ich an dieses Zitat von Mark Twain denken, w\u00e4hrend im Hintergrund leise Pink Floyd l\u00e4uft: Auf der dunklen Seite des Mondes \u00fcbt die F\u00fchrungskraft ihre Statusmacht aus, pflegt den Command-and-Control-Stil, manipuliert den unm\u00fcndigen Mitarbeiter und nimmt ihn als blo\u00dfe Zahl wahr. Dem steht auf der anderen Seite die Lichtgestalt gegen\u00fcber: eine F\u00fchrungskraft, die mit der Muttermilch eine Collaborate-and-Cultivate-Haltung eingesogen hat, den Mitarbeiter als Pers\u00f6nlichkeit wertsch\u00e4tzt, ihn entwickelt und wachsen l\u00e4sst und an Entscheidungen beteiligt. Alter Befehlshaber vs. moderne Kommunikationsexzellenz \u0096 Schublade auf, Schublade zu.<\/strong><\/p>\n\n\n\n<p>Dass dieser Mythos in Managementb\u00fcchern \u00fcber nun schon Jahrzehnte weitererz\u00e4hlt wird, macht es nicht besser. Solch vereinfachende Gegen\u00fcberstellungen von hierarchischem Mittelalter und agiler Neuzeit gehen an der Unternehmensrealit\u00e4t komplett vorbei. Egal ob Wirtschaftsmedien, Betriebsr\u00e4te, Meinungsforscher, Personaler oder frustrierte Mitarbeiter \u2013 sie alle stimmen ein in den Chor derer, die seit langem die F\u00fchrungsqualit\u00e4t beklagen und ein radikales Umdenken fordern. Dabei ignorieren sie die Tatsache, dass dieses Umdenken schon l\u00e4ngst eingesetzt hat \u2013 als von agil noch gar keine Rede war \u2013, sich die F\u00fchrungskulturen in modernen und nachhaltig erfolgreichen Organisationen bereits weiterentwickelt haben und sich noch weiterentwickeln werden. Weil: alternativlos.<\/p>\n\n\n\n<p>Doch die <a class=\"wpil_keyword_link \" href=\"\/fuehrung-mit-pfiff\/eb-1121.html\"  title=\"F\u00fchrungskraft\" data-wpil-keyword-link=\"linked\">F\u00fchrungskraft<\/a> kriegt in Umfragen in sch\u00f6ner Regelm\u00e4\u00dfigkeit einen auf den Deckel, ihre F\u00fchrungsarbeit wird systematisch niedergeschrieben und mit einem simplen Schwarz\/Wei\u00df- und Schlecht\/Gut-Stempel versehen. Heute werden Agilit\u00e4t und Autonomie als neue Traumkombination und einzig sinnhafter Gegenentwurf ausgerufen (wogegen genau bleibt jedoch unklar). Eine Forderung wiederholt sich dabei wie ein Mantra: Wir m\u00fcssen F\u00fchrung komplett neu denken!<\/p>\n\n\n\n<p>Erstens: Dass wir F\u00fchrung neu denken m\u00fcssen, ist eine Forderung aus dem vergangenen Jahrzehnt. Neu ist allein der ernsthaft betriebene Versuch, F\u00fchrung zugunsten autonom denkender, handelnder und entscheidender Teams weitestgehend abzuschaffen. Die F\u00fchrungskraft als St\u00f6rfaktor \u2013 was von dieser These zu halten ist, ist ein wesentlicher Kern dieses Buches.<\/p>\n\n\n<figure class=\"wp-block-image\" style=\"float:right;\">\r\n<div style=\"text-align:center;padding-left:20px;\">\r\n<h3>Das Buch zum Thema<\/h3>\r\n<a href=\"https:\/\/www.businessvillage.de\/\/die-autonomie-luege\/eb-1043.html\"><img decoding=\"async\" src=\"https:\/\/www.businessvillage.de\/images\/product_images\/thumbnail_images\/1043.jpg\" alt=\"\"\/><\/a>\r\n<\/br style\"clear:both;\">\r\n<a  href=\"https:\/\/www.businessvillage.de\/\/die-autonomie-luege\/eb-1043.html\">\u00bb Mehr Infos<\/a>\r\n<\/div>\r\n<\/figure> \n\n\n\n<p>Zweitens: Wer einen F\u00fchrungsstil als agil kennzeichnet, betreibt Etikettenschwindel. Es gibt keine <a href=\"https:\/\/www.businessvillage.de\/blog\/probleme-von-heute-mit-neuen-denkweisen-losen\/\">agile<\/a> F\u00fchrung, es sei denn, diese F\u00fchrungskraft ist inkrementell und in einem iterativen Prozess entwickelt worden und schafft es dazu noch, unfallfrei ein Kanban Board auszuf\u00fcllen. Wenn, dann gibt es nur F\u00fchrung in einem <a href=\"https:\/\/www.businessvillage.de\/blog\/wer-spielt-schon-in-der-zombie-apokalypse\/\">agilen<\/a> Unternehmensumfeld. Dabei ist weder die Agilit\u00e4t ein neuer Ansatz noch hat F\u00fchrung in diesem Umfeld grunds\u00e4tzlich anderes zu leisten als in der \u2013 nennen wir sie \u2013 pr\u00e4-agilen Unternehmensform.<\/p>\n\n\n\n<p>Nur wer F\u00fchrung im agilen Kontext mit jener Allmachtsfantasie vergleicht, der Traumschiff-Kapit\u00e4ne wie Schrempp, Schlecker, Middelhoff &amp; Co. unterlegen sind (unterlegen im doppelten Sinne), darf behaupten, dass hier etwas bahnbrechend Neues entsteht. Dass aber ein Wave Board beweglicher ist als eine Draisine, ist keine entscheidende Erkenntnis. Die entscheidende Frage lautet: Brauchen wir heute in modernen Netzwerkorganisationen alle ein Wave Board zur Fortbewegung, nur weil es die Draisine nicht mehr tut? Haben wir nur noch die eine Option und m\u00fcssen wir deshalb alle zum agilen Fahrertraining?<\/p>\n\n\n\n<p>Schlagen wir bei g\u00e4ngigen Definitionen zum Thema Agilit\u00e4t beziehungsweise moderne F\u00fchrung nach wie etwa bei Svenja Hofert, die Agilit\u00e4t als \u00bbF\u00e4higkeit von Organisationen\u00ab beschreibt, \u00bbin einem unsicheren, sich ver\u00e4ndernden und dynamischen Umfeld flexibel, anpassungsf\u00e4hig und schnell zu agieren\u00ab (Hofert 2016: 5), oder bei Management 3.0-Vordenker Jurgen Appelo (2016: 15): \u00bbMy core belief for management is that organizations are complex, adaptive systems and that good management means taking care of the system instead of manipulating people. I believe that improving the environment so that it keeps workers engaged and happy is one of the main responsibilities of management; otherwise the organization fails to generate value. (\u2026) A management practice is a good practice when:<\/p>\n\n\n\n<ol class=\"wp-block-list\"><li>it engages people and their interactions<\/li><li>it enables them to improve the system<\/li><li>it helps to delight all clients\u00ab<\/li><\/ol>\n\n\n\n<p>Wer k\u00f6nnte dem widersprechen? Wer w\u00fcnscht sich nicht weniger Manipulation und mehr Motivation? Weniger Wertvernichtung und mehr Wertsch\u00f6pfung? Mehr Kunden- und weniger Selbstbezogenheit? Mehr Interaktionen und weniger Insell\u00f6sungen?<\/p>\n\n\n\n<p>In einer Studie des leider verstorbenen Change-Experten Prof. Peter Kruse assoziiert die Mehrheit der befragten F\u00fchrungskr\u00e4fte mit \u00bbguter F\u00fchrung\u00ab heute vermehrt Begriffe wie Ergebnisoffenheit, Resonanz, Transparenz und das Austesten von M\u00f6glichkeiten. Es sei ein klarer Trend erkennbar: weg von langfristiger Planung, Zielvorgaben und enger Kontrolle hin zu Vernetzung, Kooperation und Integration. Dagegen sind jene leitenden Angestellten, die sich weiter nach einer absichernden, f\u00fcrsorglichen F\u00fchrung sehnen, die top-down entscheidet und die Richtung vorgibt, deutlich in der Minderheit.<\/p>\n\n\n\n<p>Meine \u00dcberzeugung ist: Gute oder gelingende F\u00fchrung hie\u00df schon immer, ein anpassungsf\u00e4higes Umfeld zu schaffen, in dem sich Mitarbeiter entfalten k\u00f6nnen. Gute oder gelingende F\u00fchrung hie\u00df schon immer, situativ auf Mitarbeiter- und Kundenbed\u00fcrfnisse zu reagieren. Agiles Arbeiten braucht daher keine komplette Neudefinition in der F\u00fchrung, sondern vielmehr die konsequente Umsetzung von F\u00fchrungsprinzipien, die sich auch in der pr\u00e4-agilen \u00c4ra bew\u00e4hrt haben.<\/p>\n\n\n\n<p>Konsequent sollte die F\u00fchrung darin sein, Mitarbeiter zu beteiligen und zur Beteiligung zu ermutigen. Sie sollte aber auch konsequent darin sein, die eigenen Rechte einzufordern. Eine konsequente F\u00fchrung erm\u00f6glicht es den Mitarbeitern, ihre Potenziale zu entfalten und ihr Bestes zu geben. Sie definiert F\u00fchrung nicht nur als Bringschuld, sondern erinnert jeden im Team auch an eine Leistungserbringschuld. Sie wei\u00df, was sie von sich, aber auch von jedem Mitarbeiter erwarten kann.<\/p>\n\n\n\n<p><em>Eine konsequente F\u00fchrung vernetzt Wissenstr\u00e4ger und nutzt deren Wissen. Sie bietet ihr Wissen an und macht ihr Nicht-Wissen transparent. Sie \u00f6ffnet sich hin zu einem Team, das mitdenkt, mitwirkt und mitentscheidet und zieht rote Linien, wenn einzelne Egos \u00fcberm\u00e4chtig werden.<\/em><\/p>\n\n\n\n<p>Eine konsequente F\u00fchrungskraft nimmt die Anliegen ihrer Mitarbeiter ernst, ohne sich zu verbiegen und den K\u00fcmmerer zu spielen. Sie stellt das Wohl des Teams voran, ohne sich selbst zu vergessen. Wenn sich die F\u00fchrungskraft auf solch grundlegende Prinzipien besinnt, ist es am Ende auch egal, wie wir diese F\u00fchrung labeln.<\/p>\n\n\n\n<p>Vergleichen wir die Situation einmal mit der eines Gentleman. Wird ein Gentleman gefragt, was ihn auszeichnet, antwortet er beispielsweise, dass er der Frau Blumen mitbringt, ihr die T\u00fcr aufh\u00e4lt, ihr den Vortritt l\u00e4sst, ihr in den Mantel hilft et cetera. Ein Gentleman aus den Jahren 1960, 1980 oder 2017 w\u00fcrde dasselbe antworten. An seinen Prinzipien hat sich nichts ge\u00e4ndert, egal wie emanzipiert eine Frau heute ist \u2013 er bleibt immer der Gentleman.<\/p>\n\n\n\n<p>Auch die Aufgaben eines Vaters, die elementaren Erziehungsaufgaben, sind kaum andere geworden als vor Jahrzehnten \u2013 nur dass das Kind heute auf der Playstation und nicht mehr mit Playmobil spielt. Wir nennen Eltern immer noch Eltern und ihren Erziehungsstil nicht gleich <a href=\"https:\/\/www.businessvillage.de\/blog\/die-luge-von-der-eigenverantwortung\/\">agil<\/a>, nur weil sie ihre Kinder von A nach B fahren mit Umweg \u00fcber C und Meister im Multitasking sein m\u00fcssen, um alles in der Familie unter einen Hut zu bringen. Und: Dass ein autorit\u00e4rer Erziehungsstil heute nicht mehr viel bewirkt, d\u00fcrften auch die letzten Eltern mittlerweile erkannt haben. Das veranlasst aber die wenigsten dazu, komplett auf Laissez-faire umzusteigen und den Kindern alles durchgehen zu lassen. Es gibt nach wie vor Regeln, die in angepasster Form f\u00fcr das Spielen auf der Playstation genauso gelten wie f\u00fcr das Spielen mit Playmobil. Verlassen die Kinder deshalb fr\u00fcher das Elternhaus? Das w\u00e4re mir neu. Eher ist es doch so, dass die junge Generation den Auszug weitgehend hinausz\u00f6gert, um abgesichert mit diversen Studieng\u00e4ngen experimentieren zu k\u00f6nnen.<\/p>\n\n\n\n<p>F\u00fchrungskr\u00e4fte stehen in Unternehmen vor vergleichbaren Erziehungsaufgaben wie in der Familie: Knappe Ansagen ohne jegliche Erkl\u00e4rung (\u00bbwir machen das jetzt so!\u00ab) l\u00f6sen bei der Generation Y Allergiesch\u00fcbe aus. Das d\u00e4mmert so langsam den F\u00fchrungskr\u00e4ften der Generation X. F\u00fchrungskr\u00e4ften der Generation W, die sich wichtig nehmen und wichtigtun, f\u00e4llt diese Erkenntnis schon schwerer. Doch eine Organisation, in der Commander nach Gutsherrenart \u00fcber die K\u00f6pfe der Mitarbeiter hinweg entscheiden, ist schlicht nicht mehr lebensf\u00e4hig. Wer sich abschottet und sich auf die Verwaltung des Status quo im eigenen Silo beschr\u00e4nkt, schafft sich selbst ab, je st\u00e4rker er sich an der Macht festzuklammern versucht.<\/p>\n\n\n\n<p><em>Die junge Generation hinterfragt Autorit\u00e4ten, begegnet Macht mit tief sitzender Skepsis und fordert eine \u00dcbersetzung von Anweisung in Argumentation.<\/em><\/p>\n\n\n\n<p>Mit jeder Ma\u00dfnahme muss eine stichhaltige und sinnhafte Begr\u00fcndung geliefert werden. Sonst zeigt die Generation Y dem Commander den Vogel, zieht weiter und gr\u00fcndet ein eigenes \u00bbStart-app\u00ab.<\/p>\n\n\n\n<h2 class=\"wp-block-heading\">Die gute Nachrich<\/h2>\n\n\n\n<p>Auf die sturen Patriarchen, die Soft Skills noch mit einer f\u00fcnflagigen Klopapiersorte verwechseln und die ihre Autorit\u00e4t ausschlie\u00dflich aus der Historie und Hierarchie begr\u00fcnden, folgen l\u00e4ngst und reihenweise dynamische Purpose-Entwickler: F\u00fchrungskr\u00e4fte mit einer Mission, einer inspirierenden Idee, die andere Menschen in Bewegung setzt. Dazu reicht es nicht, diese Mission zu vermitteln oder durch hauptberufliche Kommunikatoren \u00fcbersetzen zu lassen. Als F\u00fchrungskraft m\u00fcssen Sie diese Mission so \u00fcberzeugend vertreten und vorleben und so unverkennbar f\u00fcr diese Mission Modell stehen, dass Ihnen die Menschen bereitwillig folgen: mit Hirn, Herz und Hand.<\/p>\n","protected":false},"excerpt":{"rendered":"<p>Sprechen wir \u00fcber alte und neue F\u00fchrung, muss ich an dieses Zitat von Mark Twain denken, w\u00e4hrend im Hintergrund leise Pink Floyd l\u00e4uft: Auf der dunklen Seite des Mondes \u00fcbt die F\u00fchrungskraft ihre Statusmacht aus, pflegt den Command-and-Control-Stil, manipuliert den unm\u00fcndigen Mitarbeiter und nimmt ihn als blo\u00dfe Zahl wahr. Dem steht auf der anderen Seite &hellip; <a href=\"https:\/\/www.businessvillage.de\/blog\/alles-agil-oder-was\/\">Weiterlesen<\/a><\/p>\n","protected":false},"author":150,"featured_media":1167,"comment_status":"open","ping_status":"open","sticky":false,"template":"","format":"standard","meta":{"footnotes":""},"categories":[716],"tags":[],"class_list":["post-1739","post","type-post","status-publish","format-standard","has-post-thumbnail","hentry","category-agile-fuehrung"],"yoast_head":"<!-- This site is optimized with the Yoast SEO plugin v27.5 - https:\/\/yoast.com\/product\/yoast-seo-wordpress\/ -->\n<title>Alles agil oder was? - BusinessVillage - Verlag f\u00fcr die Wirtschaft<\/title>\n<meta name=\"robots\" content=\"index, follow, max-snippet:-1, max-image-preview:large, max-video-preview:-1\" \/>\n<link rel=\"canonical\" href=\"https:\/\/www.businessvillage.de\/blog\/alles-agil-oder-was\/\" \/>\n<meta property=\"og:locale\" content=\"de_DE\" \/>\n<meta property=\"og:type\" content=\"article\" \/>\n<meta property=\"og:title\" content=\"Alles agil oder was? - BusinessVillage - Verlag f\u00fcr die Wirtschaft\" \/>\n<meta property=\"og:description\" content=\"Sprechen wir \u00fcber alte und neue F\u00fchrung, muss ich an dieses Zitat von Mark Twain denken, w\u00e4hrend im Hintergrund leise Pink Floyd l\u00e4uft: Auf der dunklen Seite des Mondes \u00fcbt die F\u00fchrungskraft ihre Statusmacht aus, pflegt den Command-and-Control-Stil, manipuliert den unm\u00fcndigen Mitarbeiter und nimmt ihn als blo\u00dfe Zahl wahr. Dem steht auf der anderen Seite &hellip; Weiterlesen\" \/>\n<meta property=\"og:url\" content=\"https:\/\/www.businessvillage.de\/blog\/alles-agil-oder-was\/\" \/>\n<meta property=\"og:site_name\" content=\"BusinessVillage - Verlag f\u00fcr die Wirtschaft\" \/>\n<meta property=\"article:publisher\" content=\"https:\/\/www.facebook.com\/BusinessVillage\/\" \/>\n<meta property=\"article:published_time\" content=\"2018-06-07T08:30:00+00:00\" \/>\n<meta property=\"article:modified_time\" content=\"2023-02-21T14:41:58+00:00\" \/>\n<meta property=\"og:image\" content=\"https:\/\/www.businessvillage.de\/blog\/wp-content\/uploads\/2021\/06\/Markus-Czeslik-e1624565713939.jpg\" \/>\n\t<meta property=\"og:image:width\" content=\"150\" \/>\n\t<meta property=\"og:image:height\" content=\"209\" \/>\n\t<meta property=\"og:image:type\" content=\"image\/jpeg\" \/>\n<meta name=\"author\" content=\"Markus Czeslik\" \/>\n<meta name=\"twitter:card\" content=\"summary_large_image\" \/>\n<meta name=\"twitter:image\" content=\"https:\/\/www.businessvillage.de\/blog\/wp-content\/uploads\/2021\/06\/Markus-Czeslik-e1624565713939.jpg\" \/>\n<meta name=\"twitter:creator\" content=\"@businessvillage\" \/>\n<meta name=\"twitter:site\" content=\"@businessvillage\" \/>\n<meta name=\"twitter:label1\" content=\"Verfasst von\" \/>\n\t<meta name=\"twitter:data1\" content=\"Markus Czeslik\" \/>\n\t<meta name=\"twitter:label2\" content=\"Gesch\u00e4tzte Lesezeit\" \/>\n\t<meta name=\"twitter:data2\" content=\"7\u00a0Minuten\" \/>\n<script type=\"application\/ld+json\" class=\"yoast-schema-graph\">{\"@context\":\"https:\\\/\\\/schema.org\",\"@graph\":[{\"@type\":\"Article\",\"@id\":\"https:\\\/\\\/www.businessvillage.de\\\/blog\\\/alles-agil-oder-was\\\/#article\",\"isPartOf\":{\"@id\":\"https:\\\/\\\/www.businessvillage.de\\\/blog\\\/alles-agil-oder-was\\\/\"},\"author\":{\"name\":\"Markus Czeslik\",\"@id\":\"https:\\\/\\\/www.businessvillage.de\\\/blog\\\/#\\\/schema\\\/person\\\/5c291156bf369592f3f792b129333ee4\"},\"headline\":\"Alles agil oder was?\",\"datePublished\":\"2018-06-07T08:30:00+00:00\",\"dateModified\":\"2023-02-21T14:41:58+00:00\",\"mainEntityOfPage\":{\"@id\":\"https:\\\/\\\/www.businessvillage.de\\\/blog\\\/alles-agil-oder-was\\\/\"},\"wordCount\":1515,\"commentCount\":0,\"publisher\":{\"@id\":\"https:\\\/\\\/www.businessvillage.de\\\/blog\\\/#organization\"},\"image\":{\"@id\":\"https:\\\/\\\/www.businessvillage.de\\\/blog\\\/alles-agil-oder-was\\\/#primaryimage\"},\"thumbnailUrl\":\"https:\\\/\\\/www.businessvillage.de\\\/blog\\\/wp-content\\\/uploads\\\/2021\\\/06\\\/Markus-Czeslik-e1624565713939.jpg\",\"articleSection\":[\"Agile F\u00fchrung\"],\"inLanguage\":\"de\"},{\"@type\":\"WebPage\",\"@id\":\"https:\\\/\\\/www.businessvillage.de\\\/blog\\\/alles-agil-oder-was\\\/\",\"url\":\"https:\\\/\\\/www.businessvillage.de\\\/blog\\\/alles-agil-oder-was\\\/\",\"name\":\"Alles agil oder was? - BusinessVillage - Verlag f\u00fcr die Wirtschaft\",\"isPartOf\":{\"@id\":\"https:\\\/\\\/www.businessvillage.de\\\/blog\\\/#website\"},\"primaryImageOfPage\":{\"@id\":\"https:\\\/\\\/www.businessvillage.de\\\/blog\\\/alles-agil-oder-was\\\/#primaryimage\"},\"image\":{\"@id\":\"https:\\\/\\\/www.businessvillage.de\\\/blog\\\/alles-agil-oder-was\\\/#primaryimage\"},\"thumbnailUrl\":\"https:\\\/\\\/www.businessvillage.de\\\/blog\\\/wp-content\\\/uploads\\\/2021\\\/06\\\/Markus-Czeslik-e1624565713939.jpg\",\"datePublished\":\"2018-06-07T08:30:00+00:00\",\"dateModified\":\"2023-02-21T14:41:58+00:00\",\"breadcrumb\":{\"@id\":\"https:\\\/\\\/www.businessvillage.de\\\/blog\\\/alles-agil-oder-was\\\/#breadcrumb\"},\"inLanguage\":\"de\",\"potentialAction\":[{\"@type\":\"ReadAction\",\"target\":[\"https:\\\/\\\/www.businessvillage.de\\\/blog\\\/alles-agil-oder-was\\\/\"]}]},{\"@type\":\"ImageObject\",\"inLanguage\":\"de\",\"@id\":\"https:\\\/\\\/www.businessvillage.de\\\/blog\\\/alles-agil-oder-was\\\/#primaryimage\",\"url\":\"https:\\\/\\\/www.businessvillage.de\\\/blog\\\/wp-content\\\/uploads\\\/2021\\\/06\\\/Markus-Czeslik-e1624565713939.jpg\",\"contentUrl\":\"https:\\\/\\\/www.businessvillage.de\\\/blog\\\/wp-content\\\/uploads\\\/2021\\\/06\\\/Markus-Czeslik-e1624565713939.jpg\",\"width\":150,\"height\":209},{\"@type\":\"BreadcrumbList\",\"@id\":\"https:\\\/\\\/www.businessvillage.de\\\/blog\\\/alles-agil-oder-was\\\/#breadcrumb\",\"itemListElement\":[{\"@type\":\"ListItem\",\"position\":1,\"name\":\"Startseite\",\"item\":\"https:\\\/\\\/www.businessvillage.de\\\/blog\\\/\"},{\"@type\":\"ListItem\",\"position\":2,\"name\":\"Alles agil oder was?\"}]},{\"@type\":\"WebSite\",\"@id\":\"https:\\\/\\\/www.businessvillage.de\\\/blog\\\/#website\",\"url\":\"https:\\\/\\\/www.businessvillage.de\\\/blog\\\/\",\"name\":\"BusinessVillage - Verlag f\u00fcr die Wirtschaft\",\"description\":\"Das BusinessVillage Magazin\",\"publisher\":{\"@id\":\"https:\\\/\\\/www.businessvillage.de\\\/blog\\\/#organization\"},\"potentialAction\":[{\"@type\":\"SearchAction\",\"target\":{\"@type\":\"EntryPoint\",\"urlTemplate\":\"https:\\\/\\\/www.businessvillage.de\\\/blog\\\/?s={search_term_string}\"},\"query-input\":{\"@type\":\"PropertyValueSpecification\",\"valueRequired\":true,\"valueName\":\"search_term_string\"}}],\"inLanguage\":\"de\"},{\"@type\":\"Organization\",\"@id\":\"https:\\\/\\\/www.businessvillage.de\\\/blog\\\/#organization\",\"name\":\"BusinessVillage\",\"url\":\"https:\\\/\\\/www.businessvillage.de\\\/blog\\\/\",\"logo\":{\"@type\":\"ImageObject\",\"inLanguage\":\"de\",\"@id\":\"https:\\\/\\\/www.businessvillage.de\\\/blog\\\/#\\\/schema\\\/logo\\\/image\\\/\",\"url\":\"https:\\\/\\\/www.businessvillage.de\\\/blog\\\/wp-content\\\/uploads\\\/2021\\\/06\\\/businessvillage_logo.gif\",\"contentUrl\":\"https:\\\/\\\/www.businessvillage.de\\\/blog\\\/wp-content\\\/uploads\\\/2021\\\/06\\\/businessvillage_logo.gif\",\"width\":300,\"height\":77,\"caption\":\"BusinessVillage\"},\"image\":{\"@id\":\"https:\\\/\\\/www.businessvillage.de\\\/blog\\\/#\\\/schema\\\/logo\\\/image\\\/\"},\"sameAs\":[\"https:\\\/\\\/www.facebook.com\\\/BusinessVillage\\\/\",\"https:\\\/\\\/x.com\\\/businessvillage\",\"https:\\\/\\\/www.instagram.com\\\/businessvillage.verlag\",\"https:\\\/\\\/www.linkedin.com\\\/company\\\/636219\\\/\"]},{\"@type\":\"Person\",\"@id\":\"https:\\\/\\\/www.businessvillage.de\\\/blog\\\/#\\\/schema\\\/person\\\/5c291156bf369592f3f792b129333ee4\",\"name\":\"Markus Czeslik\",\"image\":{\"@type\":\"ImageObject\",\"inLanguage\":\"de\",\"@id\":\"https:\\\/\\\/secure.gravatar.com\\\/avatar\\\/38baaab907372ef75533fbebdf638e959bcb5aeb4a6a0a4497c1126a824eb36a?s=96&d=mm&r=g\",\"url\":\"https:\\\/\\\/secure.gravatar.com\\\/avatar\\\/38baaab907372ef75533fbebdf638e959bcb5aeb4a6a0a4497c1126a824eb36a?s=96&d=mm&r=g\",\"contentUrl\":\"https:\\\/\\\/secure.gravatar.com\\\/avatar\\\/38baaab907372ef75533fbebdf638e959bcb5aeb4a6a0a4497c1126a824eb36a?s=96&d=mm&r=g\",\"caption\":\"Markus Czeslik\"},\"description\":\"Markus Czeslik lernt und lehrt als Change-Navigator das Wechselspiel von Wandel und Stabilit&auml;t, Beschleunigung und Reflexion. Er ist gepr&auml;gt von F&uuml;hrungsvorbildern, die gerade in Umbruchphasen beide Pole miteinander vereinen. Der fortschreitenden L&auml;hmung auf der mittleren F&uuml;hrungsebene begegnet der Managementberater mit frischen Impulsen und schafft so auch mehr Klarheit im Rollenkonflikt zwischen Chef und Mitarbeiter.\",\"url\":\"https:\\\/\\\/www.businessvillage.de\\\/blog\\\/author\\\/mczeslik\\\/\"}]}<\/script>\n<!-- \/ Yoast SEO plugin. -->","yoast_head_json":{"title":"Alles agil oder was? - BusinessVillage - Verlag f\u00fcr die Wirtschaft","robots":{"index":"index","follow":"follow","max-snippet":"max-snippet:-1","max-image-preview":"max-image-preview:large","max-video-preview":"max-video-preview:-1"},"canonical":"https:\/\/www.businessvillage.de\/blog\/alles-agil-oder-was\/","og_locale":"de_DE","og_type":"article","og_title":"Alles agil oder was? - BusinessVillage - Verlag f\u00fcr die Wirtschaft","og_description":"Sprechen wir \u00fcber alte und neue F\u00fchrung, muss ich an dieses Zitat von Mark Twain denken, w\u00e4hrend im Hintergrund leise Pink Floyd l\u00e4uft: Auf der dunklen Seite des Mondes \u00fcbt die F\u00fchrungskraft ihre Statusmacht aus, pflegt den Command-and-Control-Stil, manipuliert den unm\u00fcndigen Mitarbeiter und nimmt ihn als blo\u00dfe Zahl wahr. Dem steht auf der anderen Seite &hellip; Weiterlesen","og_url":"https:\/\/www.businessvillage.de\/blog\/alles-agil-oder-was\/","og_site_name":"BusinessVillage - Verlag f\u00fcr die Wirtschaft","article_publisher":"https:\/\/www.facebook.com\/BusinessVillage\/","article_published_time":"2018-06-07T08:30:00+00:00","article_modified_time":"2023-02-21T14:41:58+00:00","og_image":[{"width":150,"height":209,"url":"https:\/\/www.businessvillage.de\/blog\/wp-content\/uploads\/2021\/06\/Markus-Czeslik-e1624565713939.jpg","type":"image\/jpeg"}],"author":"Markus Czeslik","twitter_card":"summary_large_image","twitter_image":"https:\/\/www.businessvillage.de\/blog\/wp-content\/uploads\/2021\/06\/Markus-Czeslik-e1624565713939.jpg","twitter_creator":"@businessvillage","twitter_site":"@businessvillage","twitter_misc":{"Verfasst von":"Markus Czeslik","Gesch\u00e4tzte Lesezeit":"7\u00a0Minuten"},"schema":{"@context":"https:\/\/schema.org","@graph":[{"@type":"Article","@id":"https:\/\/www.businessvillage.de\/blog\/alles-agil-oder-was\/#article","isPartOf":{"@id":"https:\/\/www.businessvillage.de\/blog\/alles-agil-oder-was\/"},"author":{"name":"Markus Czeslik","@id":"https:\/\/www.businessvillage.de\/blog\/#\/schema\/person\/5c291156bf369592f3f792b129333ee4"},"headline":"Alles agil oder was?","datePublished":"2018-06-07T08:30:00+00:00","dateModified":"2023-02-21T14:41:58+00:00","mainEntityOfPage":{"@id":"https:\/\/www.businessvillage.de\/blog\/alles-agil-oder-was\/"},"wordCount":1515,"commentCount":0,"publisher":{"@id":"https:\/\/www.businessvillage.de\/blog\/#organization"},"image":{"@id":"https:\/\/www.businessvillage.de\/blog\/alles-agil-oder-was\/#primaryimage"},"thumbnailUrl":"https:\/\/www.businessvillage.de\/blog\/wp-content\/uploads\/2021\/06\/Markus-Czeslik-e1624565713939.jpg","articleSection":["Agile F\u00fchrung"],"inLanguage":"de"},{"@type":"WebPage","@id":"https:\/\/www.businessvillage.de\/blog\/alles-agil-oder-was\/","url":"https:\/\/www.businessvillage.de\/blog\/alles-agil-oder-was\/","name":"Alles agil oder was? - BusinessVillage - Verlag f\u00fcr die Wirtschaft","isPartOf":{"@id":"https:\/\/www.businessvillage.de\/blog\/#website"},"primaryImageOfPage":{"@id":"https:\/\/www.businessvillage.de\/blog\/alles-agil-oder-was\/#primaryimage"},"image":{"@id":"https:\/\/www.businessvillage.de\/blog\/alles-agil-oder-was\/#primaryimage"},"thumbnailUrl":"https:\/\/www.businessvillage.de\/blog\/wp-content\/uploads\/2021\/06\/Markus-Czeslik-e1624565713939.jpg","datePublished":"2018-06-07T08:30:00+00:00","dateModified":"2023-02-21T14:41:58+00:00","breadcrumb":{"@id":"https:\/\/www.businessvillage.de\/blog\/alles-agil-oder-was\/#breadcrumb"},"inLanguage":"de","potentialAction":[{"@type":"ReadAction","target":["https:\/\/www.businessvillage.de\/blog\/alles-agil-oder-was\/"]}]},{"@type":"ImageObject","inLanguage":"de","@id":"https:\/\/www.businessvillage.de\/blog\/alles-agil-oder-was\/#primaryimage","url":"https:\/\/www.businessvillage.de\/blog\/wp-content\/uploads\/2021\/06\/Markus-Czeslik-e1624565713939.jpg","contentUrl":"https:\/\/www.businessvillage.de\/blog\/wp-content\/uploads\/2021\/06\/Markus-Czeslik-e1624565713939.jpg","width":150,"height":209},{"@type":"BreadcrumbList","@id":"https:\/\/www.businessvillage.de\/blog\/alles-agil-oder-was\/#breadcrumb","itemListElement":[{"@type":"ListItem","position":1,"name":"Startseite","item":"https:\/\/www.businessvillage.de\/blog\/"},{"@type":"ListItem","position":2,"name":"Alles agil oder was?"}]},{"@type":"WebSite","@id":"https:\/\/www.businessvillage.de\/blog\/#website","url":"https:\/\/www.businessvillage.de\/blog\/","name":"BusinessVillage - Verlag f\u00fcr die Wirtschaft","description":"Das BusinessVillage Magazin","publisher":{"@id":"https:\/\/www.businessvillage.de\/blog\/#organization"},"potentialAction":[{"@type":"SearchAction","target":{"@type":"EntryPoint","urlTemplate":"https:\/\/www.businessvillage.de\/blog\/?s={search_term_string}"},"query-input":{"@type":"PropertyValueSpecification","valueRequired":true,"valueName":"search_term_string"}}],"inLanguage":"de"},{"@type":"Organization","@id":"https:\/\/www.businessvillage.de\/blog\/#organization","name":"BusinessVillage","url":"https:\/\/www.businessvillage.de\/blog\/","logo":{"@type":"ImageObject","inLanguage":"de","@id":"https:\/\/www.businessvillage.de\/blog\/#\/schema\/logo\/image\/","url":"https:\/\/www.businessvillage.de\/blog\/wp-content\/uploads\/2021\/06\/businessvillage_logo.gif","contentUrl":"https:\/\/www.businessvillage.de\/blog\/wp-content\/uploads\/2021\/06\/businessvillage_logo.gif","width":300,"height":77,"caption":"BusinessVillage"},"image":{"@id":"https:\/\/www.businessvillage.de\/blog\/#\/schema\/logo\/image\/"},"sameAs":["https:\/\/www.facebook.com\/BusinessVillage\/","https:\/\/x.com\/businessvillage","https:\/\/www.instagram.com\/businessvillage.verlag","https:\/\/www.linkedin.com\/company\/636219\/"]},{"@type":"Person","@id":"https:\/\/www.businessvillage.de\/blog\/#\/schema\/person\/5c291156bf369592f3f792b129333ee4","name":"Markus Czeslik","image":{"@type":"ImageObject","inLanguage":"de","@id":"https:\/\/secure.gravatar.com\/avatar\/38baaab907372ef75533fbebdf638e959bcb5aeb4a6a0a4497c1126a824eb36a?s=96&d=mm&r=g","url":"https:\/\/secure.gravatar.com\/avatar\/38baaab907372ef75533fbebdf638e959bcb5aeb4a6a0a4497c1126a824eb36a?s=96&d=mm&r=g","contentUrl":"https:\/\/secure.gravatar.com\/avatar\/38baaab907372ef75533fbebdf638e959bcb5aeb4a6a0a4497c1126a824eb36a?s=96&d=mm&r=g","caption":"Markus Czeslik"},"description":"Markus Czeslik lernt und lehrt als Change-Navigator das Wechselspiel von Wandel und Stabilit&auml;t, Beschleunigung und Reflexion. Er ist gepr&auml;gt von F&uuml;hrungsvorbildern, die gerade in Umbruchphasen beide Pole miteinander vereinen. Der fortschreitenden L&auml;hmung auf der mittleren F&uuml;hrungsebene begegnet der Managementberater mit frischen Impulsen und schafft so auch mehr Klarheit im Rollenkonflikt zwischen Chef und Mitarbeiter.","url":"https:\/\/www.businessvillage.de\/blog\/author\/mczeslik\/"}]}},"_links":{"self":[{"href":"https:\/\/www.businessvillage.de\/blog\/wp-json\/wp\/v2\/posts\/1739","targetHints":{"allow":["GET"]}}],"collection":[{"href":"https:\/\/www.businessvillage.de\/blog\/wp-json\/wp\/v2\/posts"}],"about":[{"href":"https:\/\/www.businessvillage.de\/blog\/wp-json\/wp\/v2\/types\/post"}],"author":[{"embeddable":true,"href":"https:\/\/www.businessvillage.de\/blog\/wp-json\/wp\/v2\/users\/150"}],"replies":[{"embeddable":true,"href":"https:\/\/www.businessvillage.de\/blog\/wp-json\/wp\/v2\/comments?post=1739"}],"version-history":[{"count":6,"href":"https:\/\/www.businessvillage.de\/blog\/wp-json\/wp\/v2\/posts\/1739\/revisions"}],"predecessor-version":[{"id":8341,"href":"https:\/\/www.businessvillage.de\/blog\/wp-json\/wp\/v2\/posts\/1739\/revisions\/8341"}],"wp:featuredmedia":[{"embeddable":true,"href":"https:\/\/www.businessvillage.de\/blog\/wp-json\/wp\/v2\/media\/1167"}],"wp:attachment":[{"href":"https:\/\/www.businessvillage.de\/blog\/wp-json\/wp\/v2\/media?parent=1739"}],"wp:term":[{"taxonomy":"category","embeddable":true,"href":"https:\/\/www.businessvillage.de\/blog\/wp-json\/wp\/v2\/categories?post=1739"},{"taxonomy":"post_tag","embeddable":true,"href":"https:\/\/www.businessvillage.de\/blog\/wp-json\/wp\/v2\/tags?post=1739"}],"curies":[{"name":"wp","href":"https:\/\/api.w.org\/{rel}","templated":true}]}}