{"id":16762,"date":"2026-03-05T08:00:00","date_gmt":"2026-03-05T07:00:00","guid":{"rendered":"https:\/\/www.businessvillage.de\/blog\/?p=16762"},"modified":"2026-03-05T08:00:03","modified_gmt":"2026-03-05T07:00:03","slug":"ai-ist-maennlich","status":"publish","type":"post","link":"https:\/\/www.businessvillage.de\/blog\/ai-ist-maennlich\/","title":{"rendered":"AI ist M\u00e4nnersache, oder?"},"content":{"rendered":"\n<p><strong>Hast du schon mal eine AI-Expertin gesehen? Nein? Logisch: AI ist schlie\u00dflich m\u00e4nnlich, oder? Wenn wir an K\u00fcnstliche Intelligenz denken, haben viele ein rein m\u00e4nnliches Bild im Kopf. Aber genau hier liegt die Gefahr. Wenn wir das Feld den M\u00e4nnern \u00fcberlassen, spuckt die Technik auch nur m\u00e4nnliche Antworten aus. Wir brauchen keine weiteren Algorithmen, die die H\u00e4lfte der Weltbev\u00f6lkerung vergessen. Es ist Zeit, das \u201em\u00e4nnliche\u201c Image der KI zu knacken \u2013 nicht nur als Programmiererin, sondern als Strategin, Ethikerin und Gestalterin. Die digitale Zukunft braucht deine Stimme. Jetzt.<\/strong><\/p>\n\n\n\n<p>Artificial Intelligence oder kurz AI ist der englische Ausdruck f\u00fcr \u00bbK\u00fcnstliche Intelligenz\u00ab, und die k\u00fcnstliche Intelligenz ver\u00e4ndert gerade unsere Welt \u2013 schneller, tiefgreifender, umfassender als viele andere Technologien vor ihr. Vielleicht denkst du als Frau manchmal: \u00bbAI? Das ist nicht mein Thema.\u00ab Aber genau das ist der Punkt.<\/p>\n\n\n<figure class=\"wp-block-image\" style=\" padding:0px;float:right;border-width:0px; border-style:solid;\">\r\n <div style=\"text-align:center;margin-left:20px;background-color:#F5F5F5;padding:10px 20px 10px 20px; \">\r\n<h3>Das Buch zum Thema<\/h3> \r\n<a href=\"https:\/\/www.businessvillage.de\/\/be-visible-be-you-be-in-tech-wie-du-dein-potenzial-nutzt-ueberzeugend-auftrittst-sichtbar-wirst-und-deine-karriere-erfolgreich-gestaltest.html\"><img decoding=\"async\" src=\"https:\/\/www.businessvillage.de\/images\/product_images\/thumbnail_images\/1209.png\" style=\"width:100%;\" alt=\"Be Visible. Be You. Be in Tech.\"\/><\/a>\r\n<\/br style\"clear:both;\">\r\n\t<a  href=\"https:\/\/www.businessvillage.de\/\/be-visible-be-you-be-in-tech-wie-du-dein-potenzial-nutzt-ueberzeugend-auftrittst-sichtbar-wirst-und-deine-karriere-erfolgreich-gestaltest.html\"> <strong>\u00bb Mehr Infos & kaufen<\/strong><\/a>\r\n<\/div>\r\n\r\n<\/figure>\n\n\n\n<h2 class=\"wp-block-heading\">AI geht uns alle an \u2013 und sie braucht unsere Stimmen<\/h2>\n\n\n\n<p>Warum? Weil viele AI-Systeme auf Daten beruhen, die nicht neutral sind. Wenn in diesen Daten vor allem m\u00e4nnliche Sichtweisen abgebildet sind, fehlt etwas Entscheidendes: die ebenso relevante weibliche Perspektive. Wenn wir Frauen nicht mitentwickeln, mitsprechen, mitentscheiden, entstehen L\u00f6sungen, die nicht f\u00fcr alle gemacht sind. Es kann so noch schlimmer kommen: Bestehende Ungleichheiten werden zementiert, weil KI lernt, nur m\u00e4nnliche oder m\u00e4nnlich gepr\u00e4gte Antworten zu geben. Dabei bietet AI eine riesige Chance. Denn noch ist vieles im Aufbau. Prozesse, Standards, ethische Richtlinien \u2013 das alles ist im Wandel. Wer jetzt einsteigt, kann mitgestalten.<\/p>\n\n\n\n<p>Du musst keine Programmiererin sein, um im AI-Kontext Wirkung zu entfalten. AI ist ein Querschnittsthema \u2013 es braucht Strateginnen, Kommunikatorinnen, Ethikexpertinnen, Projektleiterinnen, Trainerinnen. Und vor allem braucht es Frauen, die \u00fcber AI sprechen. Auf Panels, in Podcasts, bei Keynotes. Sichtbarkeit schafft Vertrauen, er\u00f6ffnet Chancen und macht anderen Mut, selbst sichtbar zu werden.<\/p>\n\n\n\n<p>Indem wir uns aktiv in AI-Diskussionen einbringen, tragen wir dazu bei, den Wandel hin zu mehr Diversit\u00e4t und Gerechtigkeit in der digitalen Welt voranzutreiben. Die Entwicklung von KI ist kein abgeschlossener Prozess, sondern eine fortlaufende, gemeinschaftliche Aufgabe. Wer jetzt neugierig bleibt, Fragen stellt und sich weiterbildet, wird zu einem wichtigen Teil dieses Wandels.<\/p>\n\n\n\n<blockquote class=\"wp-block-quote is-layout-flow wp-block-quote-is-layout-flow\">\n<p>Wenn Frauen nicht \u00fcber AI sprechen, werden andere diese Rolle \u00fcbernehmen und f\u00fcr sie sprechen.<\/p>\n<\/blockquote>\n\n\n\n<p>Es lohnt sich, regelm\u00e4\u00dfig gezielt nach neuen Lernm\u00f6glichkeiten Ausschau zu halten \u2013 sei es durch Webinare, Onlinekurse, Fachartikel oder den Austausch in Netzwerken wie Bitkom oder Women in AI. Besonders wertvoll sind Lerngruppen, in denen Wissen geteilt und gemeinsam vertieft wird. So entstehen innovative Ideen und nachhaltige Verbindungen.<\/p>\n\n\n\n<p>Auch kleine Schritte machen den Unterschied: Setze dir w\u00f6chentlich ein Lernziel, probiere neue Tools aus und bringe deine Erfahrungen ins Team ein. Je mehr Perspektiven und Stimmen in die Gestaltung und Nutzung von AI einflie\u00dfen, desto fairer und verantwortungsvoller werden die Ergebnisse sein.<\/p>\n\n\n\n<p>Am Ende z\u00e4hlt: Deine Sichtweise, dein Engagement und deine Fragen bereichern den Diskurs. Die digitale Zukunft braucht alle \u2013 und lebt von Vielfalt, Offenheit und lebenslangem Lernen. Nutze die Chancen, bleib dran und gestalte die Welt von morgen aktiv mit.<\/p>\n\n\n\n<p>Ich selbst habe erlebt, wie wichtig es ist, bei AI-Themen sichtbar zu sein. Ob in internen Projekten, auf Konferenzen oder in der Diskussion mit F\u00fchrungskr\u00e4ften: Deine Stimme z\u00e4hlt. Und sie wird gebraucht, nicht erst morgen, sondern jetzt.<\/p>\n\n\n\n<p>Es gibt bereits gro\u00dfartige Netzwerke, in denen du dich einbringen kannst, zum Beispiel Women in AI oder Women in Data Science. Denn eines ist klar: AI ist kein Selbstzweck. Sie ist ein Werkzeug. Und sie wird nur dann fair, verantwortungsvoll und wirksam, wenn sie von vielen Perspektiven mitgestaltet wird. Auch von deiner. Deshalb ist es wichtig, dass du dranbleibst und ein lebenslanger Lernender wirst. Es gibt viele kostenlose M\u00f6glichkeiten, wie Lern- und Wissensplattformen, Podcasts, Artikel die dir dabei helfen k\u00f6nnen.<\/p>\n","protected":false},"excerpt":{"rendered":"<p>Hast du schon mal eine AI-Expertin gesehen? Nein? Logisch: AI ist schlie\u00dflich m\u00e4nnlich, oder? Wenn wir an K\u00fcnstliche Intelligenz denken, haben viele ein rein m\u00e4nnliches Bild im Kopf. Aber genau hier liegt die Gefahr. Wenn wir das Feld den M\u00e4nnern \u00fcberlassen, spuckt die Technik auch nur m\u00e4nnliche Antworten aus. Wir brauchen keine weiteren Algorithmen, die &hellip; <a href=\"https:\/\/www.businessvillage.de\/blog\/ai-ist-maennlich\/\">Weiterlesen<\/a><\/p>\n","protected":false},"author":266,"featured_media":16765,"comment_status":"closed","ping_status":"closed","sticky":false,"template":"","format":"standard","meta":{"footnotes":""},"categories":[72,717,17],"tags":[],"class_list":["post-16762","post","type-post","status-publish","format-standard","has-post-thumbnail","hentry","category-rhetorik-auftritt-wirkung","category-fuehrung","category-praesentation-vortraege"],"yoast_head":"<!-- This site is optimized with the Yoast SEO plugin v27.5 - https:\/\/yoast.com\/product\/yoast-seo-wordpress\/ -->\n<title>AI ist M\u00e4nnersache, oder? - BusinessVillage - Verlag f\u00fcr die Wirtschaft<\/title>\n<meta name=\"description\" content=\"Hast du schon mal eine AI-Expertin gesehen? Nein? Wenn wir an K\u00fcnstliche Intelligenz denken, haben viele ein rein m\u00e4nnliches Bild im Kopf.\" \/>\n<meta name=\"robots\" content=\"index, follow, max-snippet:-1, max-image-preview:large, max-video-preview:-1\" \/>\n<link rel=\"canonical\" href=\"https:\/\/www.businessvillage.de\/blog\/ai-ist-maennlich\/\" \/>\n<meta property=\"og:locale\" content=\"de_DE\" \/>\n<meta property=\"og:type\" content=\"article\" \/>\n<meta property=\"og:title\" content=\"AI ist M\u00e4nnersache, oder? - BusinessVillage - Verlag f\u00fcr die Wirtschaft\" \/>\n<meta property=\"og:description\" content=\"Hast du schon mal eine AI-Expertin gesehen? Nein? Wenn wir an K\u00fcnstliche Intelligenz denken, haben viele ein rein m\u00e4nnliches Bild im Kopf.\" \/>\n<meta property=\"og:url\" content=\"https:\/\/www.businessvillage.de\/blog\/ai-ist-maennlich\/\" \/>\n<meta property=\"og:site_name\" content=\"BusinessVillage - Verlag f\u00fcr die Wirtschaft\" \/>\n<meta property=\"article:publisher\" content=\"https:\/\/www.facebook.com\/BusinessVillage\/\" \/>\n<meta property=\"article:published_time\" content=\"2026-03-05T07:00:00+00:00\" \/>\n<meta property=\"article:modified_time\" content=\"2026-03-05T07:00:03+00:00\" \/>\n<meta property=\"og:image\" content=\"https:\/\/www.businessvillage.de\/blog\/wp-content\/uploads\/2026\/03\/AI-ist-maennlich_sm.jpg\" \/>\n\t<meta property=\"og:image:width\" content=\"1080\" \/>\n\t<meta property=\"og:image:height\" content=\"1080\" \/>\n\t<meta property=\"og:image:type\" content=\"image\/jpeg\" \/>\n<meta name=\"author\" content=\"Verena Laumayser\" \/>\n<meta name=\"twitter:card\" content=\"summary_large_image\" \/>\n<meta name=\"twitter:creator\" content=\"@businessvillage\" \/>\n<meta name=\"twitter:site\" content=\"@businessvillage\" \/>\n<meta name=\"twitter:label1\" content=\"Verfasst von\" \/>\n\t<meta name=\"twitter:data1\" content=\"Verena Laumayser\" \/>\n\t<meta name=\"twitter:label2\" content=\"Gesch\u00e4tzte Lesezeit\" \/>\n\t<meta name=\"twitter:data2\" content=\"3\u00a0Minuten\" \/>\n<script type=\"application\/ld+json\" class=\"yoast-schema-graph\">{\"@context\":\"https:\\\/\\\/schema.org\",\"@graph\":[{\"@type\":\"Article\",\"@id\":\"https:\\\/\\\/www.businessvillage.de\\\/blog\\\/ai-ist-maennlich\\\/#article\",\"isPartOf\":{\"@id\":\"https:\\\/\\\/www.businessvillage.de\\\/blog\\\/ai-ist-maennlich\\\/\"},\"author\":{\"name\":\"Verena Laumayser\",\"@id\":\"https:\\\/\\\/www.businessvillage.de\\\/blog\\\/#\\\/schema\\\/person\\\/f9882adb82fac51f579fc37ea0fca90e\"},\"headline\":\"AI ist M\u00e4nnersache, oder?\",\"datePublished\":\"2026-03-05T07:00:00+00:00\",\"dateModified\":\"2026-03-05T07:00:03+00:00\",\"mainEntityOfPage\":{\"@id\":\"https:\\\/\\\/www.businessvillage.de\\\/blog\\\/ai-ist-maennlich\\\/\"},\"wordCount\":656,\"publisher\":{\"@id\":\"https:\\\/\\\/www.businessvillage.de\\\/blog\\\/#organization\"},\"image\":{\"@id\":\"https:\\\/\\\/www.businessvillage.de\\\/blog\\\/ai-ist-maennlich\\\/#primaryimage\"},\"thumbnailUrl\":\"https:\\\/\\\/www.businessvillage.de\\\/blog\\\/wp-content\\\/uploads\\\/2026\\\/03\\\/AI-ist-maennlich.jpg\",\"articleSection\":[\"Rhetorik - Auftritt - Wirkung\",\"F\u00fchrung\",\"Pr\u00e4sentation \\\/ Vortr\u00e4ge\"],\"inLanguage\":\"de\"},{\"@type\":\"WebPage\",\"@id\":\"https:\\\/\\\/www.businessvillage.de\\\/blog\\\/ai-ist-maennlich\\\/\",\"url\":\"https:\\\/\\\/www.businessvillage.de\\\/blog\\\/ai-ist-maennlich\\\/\",\"name\":\"AI ist M\u00e4nnersache, oder? - BusinessVillage - Verlag f\u00fcr die Wirtschaft\",\"isPartOf\":{\"@id\":\"https:\\\/\\\/www.businessvillage.de\\\/blog\\\/#website\"},\"primaryImageOfPage\":{\"@id\":\"https:\\\/\\\/www.businessvillage.de\\\/blog\\\/ai-ist-maennlich\\\/#primaryimage\"},\"image\":{\"@id\":\"https:\\\/\\\/www.businessvillage.de\\\/blog\\\/ai-ist-maennlich\\\/#primaryimage\"},\"thumbnailUrl\":\"https:\\\/\\\/www.businessvillage.de\\\/blog\\\/wp-content\\\/uploads\\\/2026\\\/03\\\/AI-ist-maennlich.jpg\",\"datePublished\":\"2026-03-05T07:00:00+00:00\",\"dateModified\":\"2026-03-05T07:00:03+00:00\",\"description\":\"Hast du schon mal eine AI-Expertin gesehen? Nein? Wenn wir an K\u00fcnstliche Intelligenz denken, haben viele ein rein m\u00e4nnliches Bild im Kopf.\",\"breadcrumb\":{\"@id\":\"https:\\\/\\\/www.businessvillage.de\\\/blog\\\/ai-ist-maennlich\\\/#breadcrumb\"},\"inLanguage\":\"de\",\"potentialAction\":[{\"@type\":\"ReadAction\",\"target\":[\"https:\\\/\\\/www.businessvillage.de\\\/blog\\\/ai-ist-maennlich\\\/\"]}]},{\"@type\":\"ImageObject\",\"inLanguage\":\"de\",\"@id\":\"https:\\\/\\\/www.businessvillage.de\\\/blog\\\/ai-ist-maennlich\\\/#primaryimage\",\"url\":\"https:\\\/\\\/www.businessvillage.de\\\/blog\\\/wp-content\\\/uploads\\\/2026\\\/03\\\/AI-ist-maennlich.jpg\",\"contentUrl\":\"https:\\\/\\\/www.businessvillage.de\\\/blog\\\/wp-content\\\/uploads\\\/2026\\\/03\\\/AI-ist-maennlich.jpg\",\"width\":700,\"height\":300},{\"@type\":\"BreadcrumbList\",\"@id\":\"https:\\\/\\\/www.businessvillage.de\\\/blog\\\/ai-ist-maennlich\\\/#breadcrumb\",\"itemListElement\":[{\"@type\":\"ListItem\",\"position\":1,\"name\":\"Startseite\",\"item\":\"https:\\\/\\\/www.businessvillage.de\\\/blog\\\/\"},{\"@type\":\"ListItem\",\"position\":2,\"name\":\"AI ist M\u00e4nnersache, oder?\"}]},{\"@type\":\"WebSite\",\"@id\":\"https:\\\/\\\/www.businessvillage.de\\\/blog\\\/#website\",\"url\":\"https:\\\/\\\/www.businessvillage.de\\\/blog\\\/\",\"name\":\"BusinessVillage - Verlag f\u00fcr die Wirtschaft\",\"description\":\"Das BusinessVillage Magazin\",\"publisher\":{\"@id\":\"https:\\\/\\\/www.businessvillage.de\\\/blog\\\/#organization\"},\"potentialAction\":[{\"@type\":\"SearchAction\",\"target\":{\"@type\":\"EntryPoint\",\"urlTemplate\":\"https:\\\/\\\/www.businessvillage.de\\\/blog\\\/?s={search_term_string}\"},\"query-input\":{\"@type\":\"PropertyValueSpecification\",\"valueRequired\":true,\"valueName\":\"search_term_string\"}}],\"inLanguage\":\"de\"},{\"@type\":\"Organization\",\"@id\":\"https:\\\/\\\/www.businessvillage.de\\\/blog\\\/#organization\",\"name\":\"BusinessVillage\",\"url\":\"https:\\\/\\\/www.businessvillage.de\\\/blog\\\/\",\"logo\":{\"@type\":\"ImageObject\",\"inLanguage\":\"de\",\"@id\":\"https:\\\/\\\/www.businessvillage.de\\\/blog\\\/#\\\/schema\\\/logo\\\/image\\\/\",\"url\":\"https:\\\/\\\/www.businessvillage.de\\\/blog\\\/wp-content\\\/uploads\\\/2021\\\/06\\\/businessvillage_logo.gif\",\"contentUrl\":\"https:\\\/\\\/www.businessvillage.de\\\/blog\\\/wp-content\\\/uploads\\\/2021\\\/06\\\/businessvillage_logo.gif\",\"width\":300,\"height\":77,\"caption\":\"BusinessVillage\"},\"image\":{\"@id\":\"https:\\\/\\\/www.businessvillage.de\\\/blog\\\/#\\\/schema\\\/logo\\\/image\\\/\"},\"sameAs\":[\"https:\\\/\\\/www.facebook.com\\\/BusinessVillage\\\/\",\"https:\\\/\\\/x.com\\\/businessvillage\",\"https:\\\/\\\/www.instagram.com\\\/businessvillage.verlag\",\"https:\\\/\\\/www.linkedin.com\\\/company\\\/636219\\\/\"]},{\"@type\":\"Person\",\"@id\":\"https:\\\/\\\/www.businessvillage.de\\\/blog\\\/#\\\/schema\\\/person\\\/f9882adb82fac51f579fc37ea0fca90e\",\"name\":\"Verena Laumayser\",\"image\":{\"@type\":\"ImageObject\",\"inLanguage\":\"de\",\"@id\":\"https:\\\/\\\/secure.gravatar.com\\\/avatar\\\/cac79fcbd8b264dd4dc64f1ca8d55a173ed2fc452fd440b782bdb9d699e7cdcb?s=96&d=mm&r=g\",\"url\":\"https:\\\/\\\/secure.gravatar.com\\\/avatar\\\/cac79fcbd8b264dd4dc64f1ca8d55a173ed2fc452fd440b782bdb9d699e7cdcb?s=96&d=mm&r=g\",\"contentUrl\":\"https:\\\/\\\/secure.gravatar.com\\\/avatar\\\/cac79fcbd8b264dd4dc64f1ca8d55a173ed2fc452fd440b782bdb9d699e7cdcb?s=96&d=mm&r=g\",\"caption\":\"Verena Laumayser\"},\"description\":\"Verena Laumayer ist Diplom-Betriebswirtin mit \u00fcber 25 Jahren Erfahrung in der Tech-Branche, davon 23 Jahre bei SAP. Sie steht f\u00fcr Sichtbarkeit, die auf Expertise basiert, und ist Vorstandsmitglied in der Bitkom-Arbeitsgruppe \u201eFrauen in der Digitalwirtschaft\u201c. Neben ihrer beruflichen Laufbahn widmet sich Verena leidenschaftlich der F\u00f6rderung von F\u00fchrungskr\u00e4ften und unterst\u00fctzt als Trainerin in einer Non-Profit-Organisation das Thema Positive Leadership. Sie ist eine gefragte Mentorin und Speakerin auf Kongressen und Veranstaltungen.\",\"sameAs\":[\"http:\\\/\\\/www.verenalaumayer.com\",\"https:\\\/\\\/www.linkedin.com\\\/in\\\/verena-laumayer\\\/\"],\"url\":\"https:\\\/\\\/www.businessvillage.de\\\/blog\\\/author\\\/verena_laumayer\\\/\"}]}<\/script>\n<!-- \/ Yoast SEO plugin. -->","yoast_head_json":{"title":"AI ist M\u00e4nnersache, oder? - BusinessVillage - Verlag f\u00fcr die Wirtschaft","description":"Hast du schon mal eine AI-Expertin gesehen? Nein? Wenn wir an K\u00fcnstliche Intelligenz denken, haben viele ein rein m\u00e4nnliches Bild im Kopf.","robots":{"index":"index","follow":"follow","max-snippet":"max-snippet:-1","max-image-preview":"max-image-preview:large","max-video-preview":"max-video-preview:-1"},"canonical":"https:\/\/www.businessvillage.de\/blog\/ai-ist-maennlich\/","og_locale":"de_DE","og_type":"article","og_title":"AI ist M\u00e4nnersache, oder? - BusinessVillage - Verlag f\u00fcr die Wirtschaft","og_description":"Hast du schon mal eine AI-Expertin gesehen? Nein? Wenn wir an K\u00fcnstliche Intelligenz denken, haben viele ein rein m\u00e4nnliches Bild im Kopf.","og_url":"https:\/\/www.businessvillage.de\/blog\/ai-ist-maennlich\/","og_site_name":"BusinessVillage - Verlag f\u00fcr die Wirtschaft","article_publisher":"https:\/\/www.facebook.com\/BusinessVillage\/","article_published_time":"2026-03-05T07:00:00+00:00","article_modified_time":"2026-03-05T07:00:03+00:00","og_image":[{"width":1080,"height":1080,"url":"https:\/\/www.businessvillage.de\/blog\/wp-content\/uploads\/2026\/03\/AI-ist-maennlich_sm.jpg","type":"image\/jpeg"}],"author":"Verena Laumayser","twitter_card":"summary_large_image","twitter_creator":"@businessvillage","twitter_site":"@businessvillage","twitter_misc":{"Verfasst von":"Verena Laumayser","Gesch\u00e4tzte Lesezeit":"3\u00a0Minuten"},"schema":{"@context":"https:\/\/schema.org","@graph":[{"@type":"Article","@id":"https:\/\/www.businessvillage.de\/blog\/ai-ist-maennlich\/#article","isPartOf":{"@id":"https:\/\/www.businessvillage.de\/blog\/ai-ist-maennlich\/"},"author":{"name":"Verena Laumayser","@id":"https:\/\/www.businessvillage.de\/blog\/#\/schema\/person\/f9882adb82fac51f579fc37ea0fca90e"},"headline":"AI ist M\u00e4nnersache, oder?","datePublished":"2026-03-05T07:00:00+00:00","dateModified":"2026-03-05T07:00:03+00:00","mainEntityOfPage":{"@id":"https:\/\/www.businessvillage.de\/blog\/ai-ist-maennlich\/"},"wordCount":656,"publisher":{"@id":"https:\/\/www.businessvillage.de\/blog\/#organization"},"image":{"@id":"https:\/\/www.businessvillage.de\/blog\/ai-ist-maennlich\/#primaryimage"},"thumbnailUrl":"https:\/\/www.businessvillage.de\/blog\/wp-content\/uploads\/2026\/03\/AI-ist-maennlich.jpg","articleSection":["Rhetorik - Auftritt - Wirkung","F\u00fchrung","Pr\u00e4sentation \/ Vortr\u00e4ge"],"inLanguage":"de"},{"@type":"WebPage","@id":"https:\/\/www.businessvillage.de\/blog\/ai-ist-maennlich\/","url":"https:\/\/www.businessvillage.de\/blog\/ai-ist-maennlich\/","name":"AI ist M\u00e4nnersache, oder? - BusinessVillage - Verlag f\u00fcr die Wirtschaft","isPartOf":{"@id":"https:\/\/www.businessvillage.de\/blog\/#website"},"primaryImageOfPage":{"@id":"https:\/\/www.businessvillage.de\/blog\/ai-ist-maennlich\/#primaryimage"},"image":{"@id":"https:\/\/www.businessvillage.de\/blog\/ai-ist-maennlich\/#primaryimage"},"thumbnailUrl":"https:\/\/www.businessvillage.de\/blog\/wp-content\/uploads\/2026\/03\/AI-ist-maennlich.jpg","datePublished":"2026-03-05T07:00:00+00:00","dateModified":"2026-03-05T07:00:03+00:00","description":"Hast du schon mal eine AI-Expertin gesehen? Nein? Wenn wir an K\u00fcnstliche Intelligenz denken, haben viele ein rein m\u00e4nnliches Bild im Kopf.","breadcrumb":{"@id":"https:\/\/www.businessvillage.de\/blog\/ai-ist-maennlich\/#breadcrumb"},"inLanguage":"de","potentialAction":[{"@type":"ReadAction","target":["https:\/\/www.businessvillage.de\/blog\/ai-ist-maennlich\/"]}]},{"@type":"ImageObject","inLanguage":"de","@id":"https:\/\/www.businessvillage.de\/blog\/ai-ist-maennlich\/#primaryimage","url":"https:\/\/www.businessvillage.de\/blog\/wp-content\/uploads\/2026\/03\/AI-ist-maennlich.jpg","contentUrl":"https:\/\/www.businessvillage.de\/blog\/wp-content\/uploads\/2026\/03\/AI-ist-maennlich.jpg","width":700,"height":300},{"@type":"BreadcrumbList","@id":"https:\/\/www.businessvillage.de\/blog\/ai-ist-maennlich\/#breadcrumb","itemListElement":[{"@type":"ListItem","position":1,"name":"Startseite","item":"https:\/\/www.businessvillage.de\/blog\/"},{"@type":"ListItem","position":2,"name":"AI ist M\u00e4nnersache, oder?"}]},{"@type":"WebSite","@id":"https:\/\/www.businessvillage.de\/blog\/#website","url":"https:\/\/www.businessvillage.de\/blog\/","name":"BusinessVillage - Verlag f\u00fcr die Wirtschaft","description":"Das BusinessVillage Magazin","publisher":{"@id":"https:\/\/www.businessvillage.de\/blog\/#organization"},"potentialAction":[{"@type":"SearchAction","target":{"@type":"EntryPoint","urlTemplate":"https:\/\/www.businessvillage.de\/blog\/?s={search_term_string}"},"query-input":{"@type":"PropertyValueSpecification","valueRequired":true,"valueName":"search_term_string"}}],"inLanguage":"de"},{"@type":"Organization","@id":"https:\/\/www.businessvillage.de\/blog\/#organization","name":"BusinessVillage","url":"https:\/\/www.businessvillage.de\/blog\/","logo":{"@type":"ImageObject","inLanguage":"de","@id":"https:\/\/www.businessvillage.de\/blog\/#\/schema\/logo\/image\/","url":"https:\/\/www.businessvillage.de\/blog\/wp-content\/uploads\/2021\/06\/businessvillage_logo.gif","contentUrl":"https:\/\/www.businessvillage.de\/blog\/wp-content\/uploads\/2021\/06\/businessvillage_logo.gif","width":300,"height":77,"caption":"BusinessVillage"},"image":{"@id":"https:\/\/www.businessvillage.de\/blog\/#\/schema\/logo\/image\/"},"sameAs":["https:\/\/www.facebook.com\/BusinessVillage\/","https:\/\/x.com\/businessvillage","https:\/\/www.instagram.com\/businessvillage.verlag","https:\/\/www.linkedin.com\/company\/636219\/"]},{"@type":"Person","@id":"https:\/\/www.businessvillage.de\/blog\/#\/schema\/person\/f9882adb82fac51f579fc37ea0fca90e","name":"Verena Laumayser","image":{"@type":"ImageObject","inLanguage":"de","@id":"https:\/\/secure.gravatar.com\/avatar\/cac79fcbd8b264dd4dc64f1ca8d55a173ed2fc452fd440b782bdb9d699e7cdcb?s=96&d=mm&r=g","url":"https:\/\/secure.gravatar.com\/avatar\/cac79fcbd8b264dd4dc64f1ca8d55a173ed2fc452fd440b782bdb9d699e7cdcb?s=96&d=mm&r=g","contentUrl":"https:\/\/secure.gravatar.com\/avatar\/cac79fcbd8b264dd4dc64f1ca8d55a173ed2fc452fd440b782bdb9d699e7cdcb?s=96&d=mm&r=g","caption":"Verena Laumayser"},"description":"Verena Laumayer ist Diplom-Betriebswirtin mit \u00fcber 25 Jahren Erfahrung in der Tech-Branche, davon 23 Jahre bei SAP. Sie steht f\u00fcr Sichtbarkeit, die auf Expertise basiert, und ist Vorstandsmitglied in der Bitkom-Arbeitsgruppe \u201eFrauen in der Digitalwirtschaft\u201c. Neben ihrer beruflichen Laufbahn widmet sich Verena leidenschaftlich der F\u00f6rderung von F\u00fchrungskr\u00e4ften und unterst\u00fctzt als Trainerin in einer Non-Profit-Organisation das Thema Positive Leadership. Sie ist eine gefragte Mentorin und Speakerin auf Kongressen und Veranstaltungen.","sameAs":["http:\/\/www.verenalaumayer.com","https:\/\/www.linkedin.com\/in\/verena-laumayer\/"],"url":"https:\/\/www.businessvillage.de\/blog\/author\/verena_laumayer\/"}]}},"_links":{"self":[{"href":"https:\/\/www.businessvillage.de\/blog\/wp-json\/wp\/v2\/posts\/16762","targetHints":{"allow":["GET"]}}],"collection":[{"href":"https:\/\/www.businessvillage.de\/blog\/wp-json\/wp\/v2\/posts"}],"about":[{"href":"https:\/\/www.businessvillage.de\/blog\/wp-json\/wp\/v2\/types\/post"}],"author":[{"embeddable":true,"href":"https:\/\/www.businessvillage.de\/blog\/wp-json\/wp\/v2\/users\/266"}],"replies":[{"embeddable":true,"href":"https:\/\/www.businessvillage.de\/blog\/wp-json\/wp\/v2\/comments?post=16762"}],"version-history":[{"count":3,"href":"https:\/\/www.businessvillage.de\/blog\/wp-json\/wp\/v2\/posts\/16762\/revisions"}],"predecessor-version":[{"id":16769,"href":"https:\/\/www.businessvillage.de\/blog\/wp-json\/wp\/v2\/posts\/16762\/revisions\/16769"}],"wp:featuredmedia":[{"embeddable":true,"href":"https:\/\/www.businessvillage.de\/blog\/wp-json\/wp\/v2\/media\/16765"}],"wp:attachment":[{"href":"https:\/\/www.businessvillage.de\/blog\/wp-json\/wp\/v2\/media?parent=16762"}],"wp:term":[{"taxonomy":"category","embeddable":true,"href":"https:\/\/www.businessvillage.de\/blog\/wp-json\/wp\/v2\/categories?post=16762"},{"taxonomy":"post_tag","embeddable":true,"href":"https:\/\/www.businessvillage.de\/blog\/wp-json\/wp\/v2\/tags?post=16762"}],"curies":[{"name":"wp","href":"https:\/\/api.w.org\/{rel}","templated":true}]}}