{"id":11268,"date":"2022-12-15T08:10:00","date_gmt":"2022-12-15T07:10:00","guid":{"rendered":"https:\/\/www.businessvillage.de\/blog\/?p=11268"},"modified":"2022-12-15T10:17:40","modified_gmt":"2022-12-15T09:17:40","slug":"worauf-kommt-es-in-krisenbewaeltigung-wirklich-an","status":"publish","type":"post","link":"https:\/\/www.businessvillage.de\/blog\/worauf-kommt-es-in-krisenbewaeltigung-wirklich-an\/","title":{"rendered":"Worauf kommt es bei der Krisenbew\u00e4ltigung wirklich an?"},"content":{"rendered":"\n<p><strong>Krise ist inzwischen Normalzustand, fast sind wir schon daran gew\u00f6hnt. Wir haben nicht nur eine Krise, wie wir das aus fr\u00fcheren Jahrzehnten kennen, wir haben Dauerkrise. Und wir haben viele Krisen auf einmal, die \u201eKrisenexperten\u201c sprechen von einer <em>multiplen Krise<\/em>. Z\u00e4hlen wir mal ein paar der aktuellen Krisen auf:<\/strong><\/p>\n\n\n\n<p><em>Klimakrise,&nbsp;Krieg in der Ukraine, Energiekrise, Materialengp\u00e4sse, nicht nur bei den strategischen Materialie, Krise der Lieferketten und Lieferengp\u00e4sse, Kostenexplosionen, Coronakrise, Demografiekrise und Arbeitskr\u00e4ftemangel, B\u00fcrokratiekrise, Demokratiekrise<\/em><\/p>\n\n\n\n<p>Das lie\u00dfe sich bereits heute schon noch um eine ganze Reihe weiterer Krisen erg\u00e4nzen. Und absehbar ist, dass es mit der Zeit immer mehr werden. Es ist so, als w\u00fcrden irgendwo kleine bis schwere Lawinen abgehen, die immer mehr ausl\u00f6sen, bis dann das ganze Gebirge im Chaos zu Tale rollt.<\/p>\n\n\n\n<p>Charakteristisch ist, dass sich diese einzelnen Krisen gegenseitig bedingen, ausl\u00f6sen, verst\u00e4rken. Eine allein w\u00e4re schon komplex und somit unvorhersehbar genug, aber in ihrer Vielfalt erzeugen sie ein Vorhersage-Desaster.<\/p>\n\n\n\n<p>Charakteristisch ist weiterhin, dass, je weniger wir wissen (k\u00f6nnen), desto mehr Ideen gibt es, die Krisen zu bew\u00e4ltigen. Sicher sind viele dieser Ideen gut, manche sind wahrscheinlich sogar brillant. Andere wirken weit hergeholt oder widersprechen sich einander. \u00dcber all diese Ideen kann man trefflich <a href=\"https:\/\/www.businessvillage.de\/blog\/so-machen-sie-sich-richtig-wuetend\/\">streiten<\/a> \u2013 und das wird auch ausgiebig getan. Richtig so!<\/p>\n\n\n\n<p>\u00dcber eines sollten sich jedoch die <a href=\"https:\/\/www.businessvillage.de\/blog\/was-wirksame-leader-auszeichnet\/\">Leader<\/a> dieser Welt im Klaren sein: Es gibt in jeder Krise, ausnahmslos in jeder, und auch dann, wenn wir es mit vielen Krisen gleichzeitig zu tun haben, also auch in einer multiplen Krise, nur ein oder zwei Schl\u00fcsselfragen, von deren erfolgreicher Beantwortung, Handhabung und L\u00f6sung die Bew\u00e4ltigung der konkreten Sachprobleme abh\u00e4ngen:<\/p>\n\n\n\n<p><em><strong>#1:<\/strong><\/em> <em><strong>Wie kommunizieren wir so, dass <u>alle<\/u> Beteiligten auf einem ad\u00e4quaten Wissensstand und optimistisch gestimmt sind?<\/strong><\/em><\/p>\n\n\n\n<p><em><strong>#2: Wie erzeugen wir zwischen den unterschiedlichen Akteuren mit ihren unterschiedlichen Interessen Einigkeit im Handeln, wie erzeugen wir Gemeinsamkeit?<\/strong><\/em><\/p>\n\n\n\n<p>Nur wenn diese Fragen in den Fokus genommen und beantwortet werden, wenn sie zu <a href=\"https:\/\/www.businessvillage.de\/blog\/agil-fuehren-heisst-konsequent-fuehren\/\">konsequentem Handeln f\u00fchren<\/a>, werden wir&nbsp;die vielen und hochkomplexen Sachprobleme l\u00f6sen k\u00f6nnen. Die &#8222;Hintergrundthemen&#8220; <a href=\"https:\/\/www.businessvillage.de\/blog\/die-verheerende-kommunikation-der-virologen\/\"><strong>Kommunikation<\/strong><\/a> und <em><strong>Gemeinsamkeit <\/strong><\/em>sind die entscheidenden Hebel, mit denen die gewaltigen Herausforderungen bew\u00e4ltigt werden k\u00f6nnen.&nbsp;Mit diesen beiden Fragen m\u00fcssen sich die Spitzenleute in den Unternehmen, die f\u00fchrenden Politiker, ja sogar die Eltern und Gro\u00dfeltern in den Familien besch\u00e4ftigen. <a href=\"https:\/\/www.businessvillage.de\/blog\/verdreht-banal-irrefuehrend\/\">Kommunikation<\/a> und Gemeinsamkeit geh\u00f6ren ganz oben auf die Agenda!<\/p>\n\n\n\n<p>Allerdings, ich beobachte immer wieder, dass sich die Krisen-Diskussionen ausschlie\u00dflich um die Sachfragen drehen. Gerade k\u00fcrzlich konnte ich die Gedanken und Konzepte des nieders\u00e4chsischen Wirtschaftsministers h\u00f6ren, anl\u00e4sslich seines <a href=\"https:\/\/www.businessvillage.de\/blog\/vortragsfalle-fehlende-praesenz\/\">Vortrags<\/a> beim Tag der Nieders\u00e4chsischen Wirtschaft. Er war kompetent und faktensicher, exzellent, mitrei\u00dfend, k\u00fchn in seinen L\u00f6sungen. Auch klang in seinen Worten der Apell an Gemeinsamkeit an, unbenommen. Aber die Sachthemen dominierten, die <a href=\"https:\/\/www.businessvillage.de\/blog\/besser-kommunizieren-letztlich-entscheiden-die-gefuehle\/\">entscheidenden &#8222;Hintergrundthemen&#8220; Kommunikation<\/a> und Gemeinsamkeit blieben marginal. &nbsp;Kein Fokus, kein Ruck, keine Idee und keine Aktion, die <a href=\"https:\/\/www.businessvillage.de\/blog\/aktives-zuhoeren-so-erreichen-wir-menschen-wirklich\/\">Menschen im Lande zu erreichen<\/a> und mitzunehmen, sie unter einem Banner zu einen. Ich f\u00fcrchte, das wird nicht reichen.<\/p>\n","protected":false},"excerpt":{"rendered":"<p>Krise ist inzwischen Normalzustand, fast sind wir schon daran gew\u00f6hnt. Wir haben nicht nur eine Krise, wie wir das aus fr\u00fcheren Jahrzehnten kennen, wir haben Dauerkrise. Und wir haben viele Krisen auf einmal, die \u201eKrisenexperten\u201c sprechen von einer multiplen Krise. Z\u00e4hlen wir mal ein paar der aktuellen Krisen auf: Klimakrise,&nbsp;Krieg in der Ukraine, Energiekrise, Materialengp\u00e4sse, &hellip; <a href=\"https:\/\/www.businessvillage.de\/blog\/worauf-kommt-es-in-krisenbewaeltigung-wirklich-an\/\">Weiterlesen<\/a><\/p>\n","protected":false},"author":2,"featured_media":11295,"comment_status":"closed","ping_status":"closed","sticky":false,"template":"","format":"standard","meta":{"footnotes":""},"categories":[9],"tags":[148,176,190],"class_list":["post-11268","post","type-post","status-publish","format-standard","has-post-thumbnail","hentry","category-denkraum","tag-kommunikation","tag-konflikte","tag-krise"],"yoast_head":"<!-- This site is optimized with the Yoast SEO plugin v27.5 - https:\/\/yoast.com\/product\/yoast-seo-wordpress\/ -->\n<title>Worauf kommt es bei der Krisenbew\u00e4ltigung wirklich an? - BusinessVillage - Verlag f\u00fcr die Wirtschaft<\/title>\n<meta name=\"robots\" content=\"index, follow, max-snippet:-1, max-image-preview:large, max-video-preview:-1\" \/>\n<link rel=\"canonical\" href=\"https:\/\/www.businessvillage.de\/blog\/worauf-kommt-es-in-krisenbewaeltigung-wirklich-an\/\" \/>\n<meta property=\"og:locale\" content=\"de_DE\" \/>\n<meta property=\"og:type\" content=\"article\" \/>\n<meta property=\"og:title\" content=\"Worauf kommt es bei der Krisenbew\u00e4ltigung wirklich an? - BusinessVillage - Verlag f\u00fcr die Wirtschaft\" \/>\n<meta property=\"og:description\" content=\"Krise ist inzwischen Normalzustand, fast sind wir schon daran gew\u00f6hnt. Wir haben nicht nur eine Krise, wie wir das aus fr\u00fcheren Jahrzehnten kennen, wir haben Dauerkrise. Und wir haben viele Krisen auf einmal, die \u201eKrisenexperten\u201c sprechen von einer multiplen Krise. Z\u00e4hlen wir mal ein paar der aktuellen Krisen auf: Klimakrise,&nbsp;Krieg in der Ukraine, Energiekrise, Materialengp\u00e4sse, &hellip; Weiterlesen\" \/>\n<meta property=\"og:url\" content=\"https:\/\/www.businessvillage.de\/blog\/worauf-kommt-es-in-krisenbewaeltigung-wirklich-an\/\" \/>\n<meta property=\"og:site_name\" content=\"BusinessVillage - Verlag f\u00fcr die Wirtschaft\" \/>\n<meta property=\"article:publisher\" content=\"https:\/\/www.facebook.com\/BusinessVillage\/\" \/>\n<meta property=\"article:published_time\" content=\"2022-12-15T07:10:00+00:00\" \/>\n<meta property=\"article:modified_time\" content=\"2022-12-15T09:17:40+00:00\" \/>\n<meta property=\"og:image\" content=\"https:\/\/www.businessvillage.de\/blog\/wp-content\/uploads\/2022\/12\/Krisenbewaeltigung-sm.jpg\" \/>\n\t<meta property=\"og:image:width\" content=\"1080\" \/>\n\t<meta property=\"og:image:height\" content=\"1080\" \/>\n\t<meta property=\"og:image:type\" content=\"image\/jpeg\" \/>\n<meta name=\"author\" content=\"Stefan Fourier\" \/>\n<meta name=\"twitter:card\" content=\"summary_large_image\" \/>\n<meta name=\"twitter:creator\" content=\"@businessvillage\" \/>\n<meta name=\"twitter:site\" content=\"@businessvillage\" \/>\n<meta name=\"twitter:label1\" content=\"Verfasst von\" \/>\n\t<meta name=\"twitter:data1\" content=\"Stefan Fourier\" \/>\n\t<meta name=\"twitter:label2\" content=\"Gesch\u00e4tzte Lesezeit\" \/>\n\t<meta name=\"twitter:data2\" content=\"3\u00a0Minuten\" \/>\n<script type=\"application\/ld+json\" class=\"yoast-schema-graph\">{\"@context\":\"https:\\\/\\\/schema.org\",\"@graph\":[{\"@type\":\"Article\",\"@id\":\"https:\\\/\\\/www.businessvillage.de\\\/blog\\\/worauf-kommt-es-in-krisenbewaeltigung-wirklich-an\\\/#article\",\"isPartOf\":{\"@id\":\"https:\\\/\\\/www.businessvillage.de\\\/blog\\\/worauf-kommt-es-in-krisenbewaeltigung-wirklich-an\\\/\"},\"author\":{\"name\":\"Stefan Fourier\",\"@id\":\"https:\\\/\\\/www.businessvillage.de\\\/blog\\\/#\\\/schema\\\/person\\\/b0786a78e9e777490abb59efffc3b466\"},\"headline\":\"Worauf kommt es bei der Krisenbew\u00e4ltigung wirklich an?\",\"datePublished\":\"2022-12-15T07:10:00+00:00\",\"dateModified\":\"2022-12-15T09:17:40+00:00\",\"mainEntityOfPage\":{\"@id\":\"https:\\\/\\\/www.businessvillage.de\\\/blog\\\/worauf-kommt-es-in-krisenbewaeltigung-wirklich-an\\\/\"},\"wordCount\":522,\"publisher\":{\"@id\":\"https:\\\/\\\/www.businessvillage.de\\\/blog\\\/#organization\"},\"image\":{\"@id\":\"https:\\\/\\\/www.businessvillage.de\\\/blog\\\/worauf-kommt-es-in-krisenbewaeltigung-wirklich-an\\\/#primaryimage\"},\"thumbnailUrl\":\"https:\\\/\\\/www.businessvillage.de\\\/blog\\\/wp-content\\\/uploads\\\/2022\\\/12\\\/Krisenbewaeltigung.jpg\",\"keywords\":[\"Kommunikation\",\"Konflikte\",\"Krise\"],\"articleSection\":[\"Denkraum\"],\"inLanguage\":\"de\"},{\"@type\":\"WebPage\",\"@id\":\"https:\\\/\\\/www.businessvillage.de\\\/blog\\\/worauf-kommt-es-in-krisenbewaeltigung-wirklich-an\\\/\",\"url\":\"https:\\\/\\\/www.businessvillage.de\\\/blog\\\/worauf-kommt-es-in-krisenbewaeltigung-wirklich-an\\\/\",\"name\":\"Worauf kommt es bei der Krisenbew\u00e4ltigung wirklich an? - BusinessVillage - Verlag f\u00fcr die Wirtschaft\",\"isPartOf\":{\"@id\":\"https:\\\/\\\/www.businessvillage.de\\\/blog\\\/#website\"},\"primaryImageOfPage\":{\"@id\":\"https:\\\/\\\/www.businessvillage.de\\\/blog\\\/worauf-kommt-es-in-krisenbewaeltigung-wirklich-an\\\/#primaryimage\"},\"image\":{\"@id\":\"https:\\\/\\\/www.businessvillage.de\\\/blog\\\/worauf-kommt-es-in-krisenbewaeltigung-wirklich-an\\\/#primaryimage\"},\"thumbnailUrl\":\"https:\\\/\\\/www.businessvillage.de\\\/blog\\\/wp-content\\\/uploads\\\/2022\\\/12\\\/Krisenbewaeltigung.jpg\",\"datePublished\":\"2022-12-15T07:10:00+00:00\",\"dateModified\":\"2022-12-15T09:17:40+00:00\",\"breadcrumb\":{\"@id\":\"https:\\\/\\\/www.businessvillage.de\\\/blog\\\/worauf-kommt-es-in-krisenbewaeltigung-wirklich-an\\\/#breadcrumb\"},\"inLanguage\":\"de\",\"potentialAction\":[{\"@type\":\"ReadAction\",\"target\":[\"https:\\\/\\\/www.businessvillage.de\\\/blog\\\/worauf-kommt-es-in-krisenbewaeltigung-wirklich-an\\\/\"]}]},{\"@type\":\"ImageObject\",\"inLanguage\":\"de\",\"@id\":\"https:\\\/\\\/www.businessvillage.de\\\/blog\\\/worauf-kommt-es-in-krisenbewaeltigung-wirklich-an\\\/#primaryimage\",\"url\":\"https:\\\/\\\/www.businessvillage.de\\\/blog\\\/wp-content\\\/uploads\\\/2022\\\/12\\\/Krisenbewaeltigung.jpg\",\"contentUrl\":\"https:\\\/\\\/www.businessvillage.de\\\/blog\\\/wp-content\\\/uploads\\\/2022\\\/12\\\/Krisenbewaeltigung.jpg\",\"width\":700,\"height\":300},{\"@type\":\"BreadcrumbList\",\"@id\":\"https:\\\/\\\/www.businessvillage.de\\\/blog\\\/worauf-kommt-es-in-krisenbewaeltigung-wirklich-an\\\/#breadcrumb\",\"itemListElement\":[{\"@type\":\"ListItem\",\"position\":1,\"name\":\"Startseite\",\"item\":\"https:\\\/\\\/www.businessvillage.de\\\/blog\\\/\"},{\"@type\":\"ListItem\",\"position\":2,\"name\":\"Worauf kommt es bei der Krisenbew\u00e4ltigung wirklich an?\"}]},{\"@type\":\"WebSite\",\"@id\":\"https:\\\/\\\/www.businessvillage.de\\\/blog\\\/#website\",\"url\":\"https:\\\/\\\/www.businessvillage.de\\\/blog\\\/\",\"name\":\"BusinessVillage - Verlag f\u00fcr die Wirtschaft\",\"description\":\"Das BusinessVillage Magazin\",\"publisher\":{\"@id\":\"https:\\\/\\\/www.businessvillage.de\\\/blog\\\/#organization\"},\"potentialAction\":[{\"@type\":\"SearchAction\",\"target\":{\"@type\":\"EntryPoint\",\"urlTemplate\":\"https:\\\/\\\/www.businessvillage.de\\\/blog\\\/?s={search_term_string}\"},\"query-input\":{\"@type\":\"PropertyValueSpecification\",\"valueRequired\":true,\"valueName\":\"search_term_string\"}}],\"inLanguage\":\"de\"},{\"@type\":\"Organization\",\"@id\":\"https:\\\/\\\/www.businessvillage.de\\\/blog\\\/#organization\",\"name\":\"BusinessVillage\",\"url\":\"https:\\\/\\\/www.businessvillage.de\\\/blog\\\/\",\"logo\":{\"@type\":\"ImageObject\",\"inLanguage\":\"de\",\"@id\":\"https:\\\/\\\/www.businessvillage.de\\\/blog\\\/#\\\/schema\\\/logo\\\/image\\\/\",\"url\":\"https:\\\/\\\/www.businessvillage.de\\\/blog\\\/wp-content\\\/uploads\\\/2021\\\/06\\\/businessvillage_logo.gif\",\"contentUrl\":\"https:\\\/\\\/www.businessvillage.de\\\/blog\\\/wp-content\\\/uploads\\\/2021\\\/06\\\/businessvillage_logo.gif\",\"width\":300,\"height\":77,\"caption\":\"BusinessVillage\"},\"image\":{\"@id\":\"https:\\\/\\\/www.businessvillage.de\\\/blog\\\/#\\\/schema\\\/logo\\\/image\\\/\"},\"sameAs\":[\"https:\\\/\\\/www.facebook.com\\\/BusinessVillage\\\/\",\"https:\\\/\\\/x.com\\\/businessvillage\",\"https:\\\/\\\/www.instagram.com\\\/businessvillage.verlag\",\"https:\\\/\\\/www.linkedin.com\\\/company\\\/636219\\\/\"]},{\"@type\":\"Person\",\"@id\":\"https:\\\/\\\/www.businessvillage.de\\\/blog\\\/#\\\/schema\\\/person\\\/b0786a78e9e777490abb59efffc3b466\",\"name\":\"Stefan Fourier\",\"image\":{\"@type\":\"ImageObject\",\"inLanguage\":\"de\",\"@id\":\"https:\\\/\\\/secure.gravatar.com\\\/avatar\\\/e676fd39f516de9ac5c659f90b0d3ae78766c90db406fbbe2258d89b42a2919d?s=96&d=mm&r=g\",\"url\":\"https:\\\/\\\/secure.gravatar.com\\\/avatar\\\/e676fd39f516de9ac5c659f90b0d3ae78766c90db406fbbe2258d89b42a2919d?s=96&d=mm&r=g\",\"contentUrl\":\"https:\\\/\\\/secure.gravatar.com\\\/avatar\\\/e676fd39f516de9ac5c659f90b0d3ae78766c90db406fbbe2258d89b42a2919d?s=96&d=mm&r=g\",\"caption\":\"Stefan Fourier\"},\"description\":\"ist Physiker, Unternehmer und Autor. Er lebt in der N\u00e4he Hannovers und arbeitet als Impulsgeber und Sparringspartner f\u00fcr Unternehmer, F\u00fchrungskr\u00e4fte und Politiker.\",\"sameAs\":[\"http:\\\/\\\/www.fourier.de\"],\"url\":\"https:\\\/\\\/www.businessvillage.de\\\/blog\\\/author\\\/sfourier\\\/\"}]}<\/script>\n<!-- \/ Yoast SEO plugin. -->","yoast_head_json":{"title":"Worauf kommt es bei der Krisenbew\u00e4ltigung wirklich an? - BusinessVillage - Verlag f\u00fcr die Wirtschaft","robots":{"index":"index","follow":"follow","max-snippet":"max-snippet:-1","max-image-preview":"max-image-preview:large","max-video-preview":"max-video-preview:-1"},"canonical":"https:\/\/www.businessvillage.de\/blog\/worauf-kommt-es-in-krisenbewaeltigung-wirklich-an\/","og_locale":"de_DE","og_type":"article","og_title":"Worauf kommt es bei der Krisenbew\u00e4ltigung wirklich an? - BusinessVillage - Verlag f\u00fcr die Wirtschaft","og_description":"Krise ist inzwischen Normalzustand, fast sind wir schon daran gew\u00f6hnt. Wir haben nicht nur eine Krise, wie wir das aus fr\u00fcheren Jahrzehnten kennen, wir haben Dauerkrise. Und wir haben viele Krisen auf einmal, die \u201eKrisenexperten\u201c sprechen von einer multiplen Krise. Z\u00e4hlen wir mal ein paar der aktuellen Krisen auf: Klimakrise,&nbsp;Krieg in der Ukraine, Energiekrise, Materialengp\u00e4sse, &hellip; Weiterlesen","og_url":"https:\/\/www.businessvillage.de\/blog\/worauf-kommt-es-in-krisenbewaeltigung-wirklich-an\/","og_site_name":"BusinessVillage - Verlag f\u00fcr die Wirtschaft","article_publisher":"https:\/\/www.facebook.com\/BusinessVillage\/","article_published_time":"2022-12-15T07:10:00+00:00","article_modified_time":"2022-12-15T09:17:40+00:00","og_image":[{"width":1080,"height":1080,"url":"https:\/\/www.businessvillage.de\/blog\/wp-content\/uploads\/2022\/12\/Krisenbewaeltigung-sm.jpg","type":"image\/jpeg"}],"author":"Stefan Fourier","twitter_card":"summary_large_image","twitter_creator":"@businessvillage","twitter_site":"@businessvillage","twitter_misc":{"Verfasst von":"Stefan Fourier","Gesch\u00e4tzte Lesezeit":"3\u00a0Minuten"},"schema":{"@context":"https:\/\/schema.org","@graph":[{"@type":"Article","@id":"https:\/\/www.businessvillage.de\/blog\/worauf-kommt-es-in-krisenbewaeltigung-wirklich-an\/#article","isPartOf":{"@id":"https:\/\/www.businessvillage.de\/blog\/worauf-kommt-es-in-krisenbewaeltigung-wirklich-an\/"},"author":{"name":"Stefan Fourier","@id":"https:\/\/www.businessvillage.de\/blog\/#\/schema\/person\/b0786a78e9e777490abb59efffc3b466"},"headline":"Worauf kommt es bei der Krisenbew\u00e4ltigung wirklich an?","datePublished":"2022-12-15T07:10:00+00:00","dateModified":"2022-12-15T09:17:40+00:00","mainEntityOfPage":{"@id":"https:\/\/www.businessvillage.de\/blog\/worauf-kommt-es-in-krisenbewaeltigung-wirklich-an\/"},"wordCount":522,"publisher":{"@id":"https:\/\/www.businessvillage.de\/blog\/#organization"},"image":{"@id":"https:\/\/www.businessvillage.de\/blog\/worauf-kommt-es-in-krisenbewaeltigung-wirklich-an\/#primaryimage"},"thumbnailUrl":"https:\/\/www.businessvillage.de\/blog\/wp-content\/uploads\/2022\/12\/Krisenbewaeltigung.jpg","keywords":["Kommunikation","Konflikte","Krise"],"articleSection":["Denkraum"],"inLanguage":"de"},{"@type":"WebPage","@id":"https:\/\/www.businessvillage.de\/blog\/worauf-kommt-es-in-krisenbewaeltigung-wirklich-an\/","url":"https:\/\/www.businessvillage.de\/blog\/worauf-kommt-es-in-krisenbewaeltigung-wirklich-an\/","name":"Worauf kommt es bei der Krisenbew\u00e4ltigung wirklich an? - BusinessVillage - Verlag f\u00fcr die Wirtschaft","isPartOf":{"@id":"https:\/\/www.businessvillage.de\/blog\/#website"},"primaryImageOfPage":{"@id":"https:\/\/www.businessvillage.de\/blog\/worauf-kommt-es-in-krisenbewaeltigung-wirklich-an\/#primaryimage"},"image":{"@id":"https:\/\/www.businessvillage.de\/blog\/worauf-kommt-es-in-krisenbewaeltigung-wirklich-an\/#primaryimage"},"thumbnailUrl":"https:\/\/www.businessvillage.de\/blog\/wp-content\/uploads\/2022\/12\/Krisenbewaeltigung.jpg","datePublished":"2022-12-15T07:10:00+00:00","dateModified":"2022-12-15T09:17:40+00:00","breadcrumb":{"@id":"https:\/\/www.businessvillage.de\/blog\/worauf-kommt-es-in-krisenbewaeltigung-wirklich-an\/#breadcrumb"},"inLanguage":"de","potentialAction":[{"@type":"ReadAction","target":["https:\/\/www.businessvillage.de\/blog\/worauf-kommt-es-in-krisenbewaeltigung-wirklich-an\/"]}]},{"@type":"ImageObject","inLanguage":"de","@id":"https:\/\/www.businessvillage.de\/blog\/worauf-kommt-es-in-krisenbewaeltigung-wirklich-an\/#primaryimage","url":"https:\/\/www.businessvillage.de\/blog\/wp-content\/uploads\/2022\/12\/Krisenbewaeltigung.jpg","contentUrl":"https:\/\/www.businessvillage.de\/blog\/wp-content\/uploads\/2022\/12\/Krisenbewaeltigung.jpg","width":700,"height":300},{"@type":"BreadcrumbList","@id":"https:\/\/www.businessvillage.de\/blog\/worauf-kommt-es-in-krisenbewaeltigung-wirklich-an\/#breadcrumb","itemListElement":[{"@type":"ListItem","position":1,"name":"Startseite","item":"https:\/\/www.businessvillage.de\/blog\/"},{"@type":"ListItem","position":2,"name":"Worauf kommt es bei der Krisenbew\u00e4ltigung wirklich an?"}]},{"@type":"WebSite","@id":"https:\/\/www.businessvillage.de\/blog\/#website","url":"https:\/\/www.businessvillage.de\/blog\/","name":"BusinessVillage - Verlag f\u00fcr die Wirtschaft","description":"Das BusinessVillage Magazin","publisher":{"@id":"https:\/\/www.businessvillage.de\/blog\/#organization"},"potentialAction":[{"@type":"SearchAction","target":{"@type":"EntryPoint","urlTemplate":"https:\/\/www.businessvillage.de\/blog\/?s={search_term_string}"},"query-input":{"@type":"PropertyValueSpecification","valueRequired":true,"valueName":"search_term_string"}}],"inLanguage":"de"},{"@type":"Organization","@id":"https:\/\/www.businessvillage.de\/blog\/#organization","name":"BusinessVillage","url":"https:\/\/www.businessvillage.de\/blog\/","logo":{"@type":"ImageObject","inLanguage":"de","@id":"https:\/\/www.businessvillage.de\/blog\/#\/schema\/logo\/image\/","url":"https:\/\/www.businessvillage.de\/blog\/wp-content\/uploads\/2021\/06\/businessvillage_logo.gif","contentUrl":"https:\/\/www.businessvillage.de\/blog\/wp-content\/uploads\/2021\/06\/businessvillage_logo.gif","width":300,"height":77,"caption":"BusinessVillage"},"image":{"@id":"https:\/\/www.businessvillage.de\/blog\/#\/schema\/logo\/image\/"},"sameAs":["https:\/\/www.facebook.com\/BusinessVillage\/","https:\/\/x.com\/businessvillage","https:\/\/www.instagram.com\/businessvillage.verlag","https:\/\/www.linkedin.com\/company\/636219\/"]},{"@type":"Person","@id":"https:\/\/www.businessvillage.de\/blog\/#\/schema\/person\/b0786a78e9e777490abb59efffc3b466","name":"Stefan Fourier","image":{"@type":"ImageObject","inLanguage":"de","@id":"https:\/\/secure.gravatar.com\/avatar\/e676fd39f516de9ac5c659f90b0d3ae78766c90db406fbbe2258d89b42a2919d?s=96&d=mm&r=g","url":"https:\/\/secure.gravatar.com\/avatar\/e676fd39f516de9ac5c659f90b0d3ae78766c90db406fbbe2258d89b42a2919d?s=96&d=mm&r=g","contentUrl":"https:\/\/secure.gravatar.com\/avatar\/e676fd39f516de9ac5c659f90b0d3ae78766c90db406fbbe2258d89b42a2919d?s=96&d=mm&r=g","caption":"Stefan Fourier"},"description":"ist Physiker, Unternehmer und Autor. Er lebt in der N\u00e4he Hannovers und arbeitet als Impulsgeber und Sparringspartner f\u00fcr Unternehmer, F\u00fchrungskr\u00e4fte und Politiker.","sameAs":["http:\/\/www.fourier.de"],"url":"https:\/\/www.businessvillage.de\/blog\/author\/sfourier\/"}]}},"_links":{"self":[{"href":"https:\/\/www.businessvillage.de\/blog\/wp-json\/wp\/v2\/posts\/11268","targetHints":{"allow":["GET"]}}],"collection":[{"href":"https:\/\/www.businessvillage.de\/blog\/wp-json\/wp\/v2\/posts"}],"about":[{"href":"https:\/\/www.businessvillage.de\/blog\/wp-json\/wp\/v2\/types\/post"}],"author":[{"embeddable":true,"href":"https:\/\/www.businessvillage.de\/blog\/wp-json\/wp\/v2\/users\/2"}],"replies":[{"embeddable":true,"href":"https:\/\/www.businessvillage.de\/blog\/wp-json\/wp\/v2\/comments?post=11268"}],"version-history":[{"count":7,"href":"https:\/\/www.businessvillage.de\/blog\/wp-json\/wp\/v2\/posts\/11268\/revisions"}],"predecessor-version":[{"id":11318,"href":"https:\/\/www.businessvillage.de\/blog\/wp-json\/wp\/v2\/posts\/11268\/revisions\/11318"}],"wp:featuredmedia":[{"embeddable":true,"href":"https:\/\/www.businessvillage.de\/blog\/wp-json\/wp\/v2\/media\/11295"}],"wp:attachment":[{"href":"https:\/\/www.businessvillage.de\/blog\/wp-json\/wp\/v2\/media?parent=11268"}],"wp:term":[{"taxonomy":"category","embeddable":true,"href":"https:\/\/www.businessvillage.de\/blog\/wp-json\/wp\/v2\/categories?post=11268"},{"taxonomy":"post_tag","embeddable":true,"href":"https:\/\/www.businessvillage.de\/blog\/wp-json\/wp\/v2\/tags?post=11268"}],"curies":[{"name":"wp","href":"https:\/\/api.w.org\/{rel}","templated":true}]}}