{"id":10174,"date":"2022-06-16T08:00:00","date_gmt":"2022-06-16T06:00:00","guid":{"rendered":"https:\/\/www.businessvillage.de\/blog\/?p=10174"},"modified":"2022-06-15T12:17:22","modified_gmt":"2022-06-15T10:17:22","slug":"dunkle-wolken-am-gewaltfreien-himmel","status":"publish","type":"post","link":"https:\/\/www.businessvillage.de\/blog\/dunkle-wolken-am-gewaltfreien-himmel\/","title":{"rendered":"Dunkle Wolken am gewaltfreien Himmel"},"content":{"rendered":"\n<p><strong>Gewaltfreie Kommunikation gilt vielen Anh\u00e4ngern als Universaltool. Ganz gleich, ob Konflikte l\u00f6sen, das Schulsystem verbessern, gewaltfrei erziehen, Beziehungsporbleme aufl\u00f6sen &#8211; mit Gewaltfreier Kommunikation ist das ein Kinderspiel. Einfach und harmonisch &#8211; so wurde es verkauft, so stellte ich es mir vor.<\/strong><\/p>\n\n\n\n<p>Das Thema Entwicklung ber\u00fchrt aber nicht nur die pers\u00f6nliche Weiterentwicklung, sondern auch die Methode der Gewaltfreien Kommunikation selbst. Ich war v\u00f6llig begeistert, als ich die Gewaltfreie Kommunikation kennenlernte. Mir gefiel Marshall Rosenbergs bescheidene Art, seine bewegenden Erz\u00e4hlungen und sein Humor. Seine Methode schien mir das Allheilmittel zu sein, f\u00fcr einige echt schwierige Probleme der Menschheit. Endlich eine konkrete Hilfe, um Beziehungsprobleme zu kl\u00e4ren, Kinder gewaltfrei zu erziehen, das Schulsystem zu verbessern und alle <a class=\"wpil_keyword_link \" href=\"\/blog\/category\/kommunikation\/konflikte-loesen\/\" title=\"Konflikte\" data-wpil-keyword-link=\"linked\">Konflikte<\/a> zu l\u00f6sen. Ab jetzt w\u00fcrde alles einfacher, echter, harmonischer \u2013 dachte ich.<\/p>\n\n\n<figure class=\"wp-block-image\" style=\"float:right;\">\r\n<div style=\"text-align:center;padding-left:20px;\">\r\n<h3>Das Buch zum Thema<\/h3>\r\n<a href=\"https:\/\/www.businessvillage.de\/\/die-neue-gewaltfreie-kommunikation\/eb-1076.html\"><img decoding=\"async\" src=\"https:\/\/www.businessvillage.de\/images\/product_images\/thumbnail_images\/1076.jpg\" alt=\"Die nuee Gewaltfreie Kommunikation\"\/><\/a>\r\n<\/br style\"clear:both;\">\r\n<a  href=\"https:\/\/www.businessvillage.de\/\/die-neue-gewaltfreie-kommunikation\/eb-1076.html\">\u00bb Mehr Infos<\/a>\r\n<\/div>\r\n<\/figure> \n\n\n\n<p>Aber im Laufe der Zeit kamen mir mehr und mehr Zweifel. Mit meiner damaligen Partnerin kam es immer wieder zu Streitigkeiten dar\u00fcber, wie man nun <a href=\"https:\/\/www.businessvillage.de\/blog\/selbst-denken-statt-gedacht-werden\/\">Gewaltfreie Kommunikation<\/a> richtig anwendet. Nach dem Motto, \u00bbDu warst nicht gewaltfrei mit mir.\u00ab oder \u00bbDu wei\u00dft doch, dass ich jetzt Empathie brauche.\u00ab Und auch in der Arbeit mit Kollegen innerhalb des entstehenden Netzwerks um die <a href=\"https:\/\/www.businessvillage.de\/blog\/besser-kommunizieren-letztlich-entscheiden-die-gefuehle\/\">Gewaltfreie Kommunikation<\/a> erlebte ich merkw\u00fcrdige Entwicklungen. Wenn diese <a href=\"https:\/\/www.businessvillage.de\/blog\/verdreht-banal-irrefuehrend\/\">Kommunikation<\/a> so gewaltfrei war, wie konnte es dann sein, dass Sitzungen zu langweiligen So-geht-es-mir-wie-geht-es-dir-Runden ausarteten, in denen man zu keinem Ergebnis kam? Warum konnten wichtige Entscheidungen von einer einzigen Person blockiert werden, die zwar wenige Argumente, aber umso mehr dramatische <a class=\"wpil_keyword_link \" href=\"\/gefuehle\/eb-1084.html\" title=\"Gef\u00fchle\" data-wpil-keyword-link=\"linked\">Gef\u00fchle<\/a> dazu hatte?<\/p>\n\n\n\n<blockquote class=\"wp-block-quote is-layout-flow wp-block-quote-is-layout-flow\"><p>\u00bbFreiheit und Eigenverantwortung <br>sind die Voraussetzungen<br>der Pers\u00f6nlichkeitsentwicklung.\u00ab<\/p><\/blockquote>\n\n\n\n<p>Ich erlebte, wie immer neue Regeln aufgestellt wurden, nach denen man ein gewaltfreies Gespr\u00e4ch zu f\u00fchren hatte. Ich sollte immer sagen, wie es mir geht und vor allem \u00fcber meine Gef\u00fchle und Bed\u00fcrfnisse sprechen. Auch bei meinem Gegen\u00fcber sollte ich immer das Gesagte wiederholen und dabei Gef\u00fchle und Bed\u00fcrfnisse benennen. Aber die Gespr\u00e4che wurden dadurch nicht besser, die Sitzungen nicht effektiver und die <a href=\"https:\/\/www.businessvillage.de\/blog\/wie-sie-gestaerkt-aus-konflikten-hervorgehen\/\">Konflikte<\/a> nicht offen angesprochen, geschweige denn gekl\u00e4rt.<\/p>\n\n\n\n<p>Die Anzeichen mehrten sich, dass es mit der Gewaltfreien <a href=\"https:\/\/www.businessvillage.de\/blog\/verdreht-banal-irrefuehrend\/\">Kommunikation<\/a> ein erhebliches Problem gab. Mir war nicht klar, was da passierte und noch weniger, was ich dagegen tun k\u00f6nnte. Ich bekam zunehmend den Eindruck, dass sich die Gewaltfreie Kommunikation zu einer unechten, zensierten Insider-Sprache entwickelte, die haupts\u00e4chlich dazu diente, nett zu sein und sich nicht weh zu tun. Und Rosenberg hatte ja darauf hingewiesen, dass diese Baby-Ph\u00e4nomene, wie er das nannte, am Anfang dazu geh\u00f6rten. Im Nachhinein betrachtet, versuchte ich mir einzureden, dass ich die gewaltfreie Sprache einfach noch besser lernen musste und dann w\u00fcrden sich diese Probleme kl\u00e4ren. Ein gro\u00dfer Irrtum, wie ich mir sp\u00e4ter eingestehen musste, denn die Ursachen lagen ganz woanders.<\/p>\n\n\n\n<h2 class=\"wp-block-heading\">Ein Philosoph kommt zu Hilfe<\/h2>\n\n\n\n<p>Zu diesem Zeitpunkt kam mir der Zufall zu Hilfe. Ich besch\u00e4ftigte mich schon einige Jahre mit der Arbeit des amerikanischen Philosophen Ken Wilber. Kennengelernt hatte ich ihn \u00fcber seinen bewegenden Bericht \u00fcber die Krankheit und den Tod seiner Frau in dem Buch Mut und Gnade. Darin l\u00e4sst er neben pers\u00f6nlichen Schilderungen auch etwas von seinen philosophischen Gedanken einflie\u00dfen. Dadurch angeregt machte ich mich daran, Wilbers Arbeiten zu lesen. Es dauert eine Weile, aber dann begann mir zu d\u00e4mmern, dass die <a href=\"https:\/\/www.businessvillage.de\/blog\/das-grosse-missverstaendnis-in-der-gewaltfreien-kommunikation-teil-i\/\">Gewaltfreie Kommunikation ein gro\u00dfes<\/a> Problem hatte.<\/p>\n\n\n\n<p>Wilber befasst sich in seinem Werk unter anderem mit der Forschung zur Pers\u00f6nlichkeits- und Bewusstseinsentwicklung des Menschen. Dazu fasste er die Ergebnisse vieler Wissenschaftler zur psychologischen, moralischen, kognitiven und sozialen Entwicklung zusammen und versuchte, grundlegende Muster und Gemeinsamkeiten zu finden. Da die Zusammenfassung alle wissenschaftlichen und philosophischen Erkenntnisse integrieren sollte, nannte er sie \u00bbIntegrale Theorie\u00ab. Nach Wilber beschreibt die Forschung verschiedene, aufeinander aufbauende Entwicklungsphasen des menschlichen Bewusstseins, der Wahrnehmung, Urteilsf\u00e4higkeit und Werteentwicklung. Auf jeder Ebene gilt es, die jeweils notwendigen Herausforderungen zu bew\u00e4ltigen. Jede Ebene bietet v\u00f6llig neue Erkenntnisse und F\u00e4higkeiten, wirft aber auch neue Probleme auf.<\/p>\n\n\n\n<h2 class=\"wp-block-heading\">Meine erschreckende Erkenntnis<\/h2>\n\n\n\n<p>Durch Wilbers Arbeit erkannte ich, dass das grundlegende Problem mit der Gewaltfreien Kommunikation nicht in der Methode, sondern im Anwender liegt.<\/p>\n\n\n\n<p>Heute erscheint mir diese Einsicht fast trivial, aber damals war sie ziemlich schockierend f\u00fcr mich. Denn ich musste erkennen, dass ich selbst Teil des Problems war. Nach Wilber zeigt jede der psychologischen Entwicklungsebenen des Menschen typische Schattenseiten und ich erkannte alle diese Schattenseiten in mir und anderen Anwendern der Gewaltfreien Kommunikation wieder. Das war ein Schock, denn Wilber hatte ja keinerlei <a href=\"https:\/\/www.businessvillage.de\/blog\/corona-und-die-angst-wie-gewaltfreie-kommunikation-verbinden-kann\/\">Verbindung zur Gewaltfreien Kommunikation<\/a> und dennoch hat er all die Fehlentwicklungen beschrieben, die mich auch zunehmend st\u00f6rten. Wie konnte das sein? Wie konnten Wissenschaftler und Philosophen etwas beschreiben, dass sie doch gar nicht kannten?<\/p>\n\n\n\n<h2 class=\"wp-block-heading\">Die Methode der Gewaltfreien Kommunikation ist nicht das Problem<\/h2>\n\n\n\n<p>Aber dann d\u00e4mmerte mir, wie gesagt, dass das Problem eben nicht in der Methode der Gewaltfreien Kommunikation liegt, sondern in meiner eigenen Wahrnehmung, Interpretation und Anwendung. Die Ursache der Fehlentwicklungen lagen in meiner Bewusstseinsentwicklung. Diese Erkenntnis hat mich anfangs ziemlich entmutigt und f\u00fchrte fast dazu, dass ich die Sache hingeschmissen h\u00e4tte. Wenn die Gewaltfreie Kommunikation als Methode nicht wirklich hilft, wenn die Ursache f\u00fcr die Probleme, Konflikte und Herausforderungen in der Kommunikation gar nicht durch die vier Schritte gel\u00f6st werden k\u00f6nnen, sondern nur durch eine tiefer gehende Haltungs\u00e4nderung, dann konnte ich es ja gleich sein lassen.<\/p>\n\n\n\n<p>Meine schmerzliche Desillusionierung mit der Gewaltfreien Kommunikation dauerte \u00fcber ein Jahr. In dieser Zeit besch\u00e4ftigte ich mich intensiv mit der Forschung im Bereich der Bewusstseins- und Pers\u00f6nlichkeitsentwicklung. Langsam konnte ich sehen, dass die Gewaltfreie Kommunikation zwar nicht die L\u00f6sung aller Probleme bot, ich sie aber auch nicht aufgeben musste. Ich erkannte, dass wir menschliche Schattenseiten ernst nehmen und integrieren m\u00fcssen. In der Verbindung von Gewaltfreier Kommunikation und psychologischer Entwicklungstheorie fand ich einen Fahrplan f\u00fcr die Entwicklung einer emphatischen, reifen und liebevollen Haltung. Damit hatte ich die Basis f\u00fcr eine Weiterentwicklung der Gewaltfreien Kommunikation gefunden.<\/p>\n","protected":false},"excerpt":{"rendered":"<p>Gewaltfreie Kommunikation gilt vielen Anh\u00e4ngern als Universaltool. Ganz gleich, ob Konflikte l\u00f6sen, das Schulsystem verbessern, gewaltfrei erziehen, Beziehungsporbleme aufl\u00f6sen &#8211; mit Gewaltfreier Kommunikation ist das ein Kinderspiel. Einfach und harmonisch &#8211; so wurde es verkauft, so stellte ich es mir vor. Das Thema Entwicklung ber\u00fchrt aber nicht nur die pers\u00f6nliche Weiterentwicklung, sondern auch die Methode &hellip; <a href=\"https:\/\/www.businessvillage.de\/blog\/dunkle-wolken-am-gewaltfreien-himmel\/\">Weiterlesen<\/a><\/p>\n","protected":false},"author":166,"featured_media":10180,"comment_status":"closed","ping_status":"closed","sticky":false,"template":"","format":"standard","meta":{"footnotes":""},"categories":[724],"tags":[176,237,269,331,389,637],"class_list":["post-10174","post","type-post","status-publish","format-standard","has-post-thumbnail","hentry","category-selbstcoaching","tag-konflikte","tag-persoenlichkeitsentwicklung","tag-rosenberg","tag-konflikte-loesen","tag-beziehung","tag-gewaltfreie-kommunikation"],"yoast_head":"<!-- This site is optimized with the Yoast SEO plugin v27.5 - https:\/\/yoast.com\/product\/yoast-seo-wordpress\/ -->\n<title>Dunkle Wolken am gewaltfreien Himmel - BusinessVillage - Verlag f\u00fcr die Wirtschaft<\/title>\n<meta name=\"description\" content=\"Gewaltfreie Kommunikation gilt vielen als Univeraltool. Konflikte l\u00f6sen, gewaltfrei erziehen oder Beziehungsprobleme l\u00f6sen - geht alles damit.\" \/>\n<meta name=\"robots\" content=\"index, follow, max-snippet:-1, max-image-preview:large, max-video-preview:-1\" \/>\n<link rel=\"canonical\" href=\"https:\/\/www.businessvillage.de\/blog\/dunkle-wolken-am-gewaltfreien-himmel\/\" \/>\n<meta property=\"og:locale\" content=\"de_DE\" \/>\n<meta property=\"og:type\" content=\"article\" \/>\n<meta property=\"og:title\" content=\"Dunkle Wolken am gewaltfreien Himmel - BusinessVillage - Verlag f\u00fcr die Wirtschaft\" \/>\n<meta property=\"og:description\" content=\"Gewaltfreie Kommunikation gilt vielen als Univeraltool. Konflikte l\u00f6sen, gewaltfrei erziehen oder Beziehungsprobleme l\u00f6sen - geht alles damit.\" \/>\n<meta property=\"og:url\" content=\"https:\/\/www.businessvillage.de\/blog\/dunkle-wolken-am-gewaltfreien-himmel\/\" \/>\n<meta property=\"og:site_name\" content=\"BusinessVillage - Verlag f\u00fcr die Wirtschaft\" \/>\n<meta property=\"article:publisher\" content=\"https:\/\/www.facebook.com\/BusinessVillage\/\" \/>\n<meta property=\"article:published_time\" content=\"2022-06-16T06:00:00+00:00\" \/>\n<meta property=\"og:image\" content=\"https:\/\/www.businessvillage.de\/blog\/wp-content\/uploads\/2022\/06\/dunkle-wolken-gewaltfreier-himmel-sm.jpg\" \/>\n\t<meta property=\"og:image:width\" content=\"1080\" \/>\n\t<meta property=\"og:image:height\" content=\"1080\" \/>\n\t<meta property=\"og:image:type\" content=\"image\/jpeg\" \/>\n<meta name=\"author\" content=\"Markus Fischer\" \/>\n<meta name=\"twitter:card\" content=\"summary_large_image\" \/>\n<meta name=\"twitter:image\" content=\"https:\/\/www.businessvillage.de\/blog\/wp-content\/uploads\/2022\/06\/dunkle-wolken-gewaltfreier-himmel-sm.jpg\" \/>\n<meta name=\"twitter:creator\" content=\"@businessvillage\" \/>\n<meta name=\"twitter:site\" content=\"@businessvillage\" \/>\n<meta name=\"twitter:label1\" content=\"Verfasst von\" \/>\n\t<meta name=\"twitter:data1\" content=\"Markus Fischer\" \/>\n\t<meta name=\"twitter:label2\" content=\"Gesch\u00e4tzte Lesezeit\" \/>\n\t<meta name=\"twitter:data2\" content=\"6\u00a0Minuten\" \/>\n<script type=\"application\/ld+json\" class=\"yoast-schema-graph\">{\"@context\":\"https:\\\/\\\/schema.org\",\"@graph\":[{\"@type\":\"Article\",\"@id\":\"https:\\\/\\\/www.businessvillage.de\\\/blog\\\/dunkle-wolken-am-gewaltfreien-himmel\\\/#article\",\"isPartOf\":{\"@id\":\"https:\\\/\\\/www.businessvillage.de\\\/blog\\\/dunkle-wolken-am-gewaltfreien-himmel\\\/\"},\"author\":{\"name\":\"Markus Fischer\",\"@id\":\"https:\\\/\\\/www.businessvillage.de\\\/blog\\\/#\\\/schema\\\/person\\\/37ba8bd304fe7a46c67b163df374bb1e\"},\"headline\":\"Dunkle Wolken am gewaltfreien Himmel\",\"datePublished\":\"2022-06-16T06:00:00+00:00\",\"mainEntityOfPage\":{\"@id\":\"https:\\\/\\\/www.businessvillage.de\\\/blog\\\/dunkle-wolken-am-gewaltfreien-himmel\\\/\"},\"wordCount\":1014,\"publisher\":{\"@id\":\"https:\\\/\\\/www.businessvillage.de\\\/blog\\\/#organization\"},\"image\":{\"@id\":\"https:\\\/\\\/www.businessvillage.de\\\/blog\\\/dunkle-wolken-am-gewaltfreien-himmel\\\/#primaryimage\"},\"thumbnailUrl\":\"https:\\\/\\\/www.businessvillage.de\\\/blog\\\/wp-content\\\/uploads\\\/2022\\\/06\\\/dunkle-wolken-gewaltfreier-himmel-nl.jpg\",\"keywords\":[\"Konflikte\",\"Pers\u00f6nlichkeitsentwicklung\",\"Rosenberg\",\"Konflikte l\u00f6sen\",\"Beziehung\",\"Gewaltfreie Kommunikation\"],\"articleSection\":[\"Selbstcoaching\"],\"inLanguage\":\"de\"},{\"@type\":\"WebPage\",\"@id\":\"https:\\\/\\\/www.businessvillage.de\\\/blog\\\/dunkle-wolken-am-gewaltfreien-himmel\\\/\",\"url\":\"https:\\\/\\\/www.businessvillage.de\\\/blog\\\/dunkle-wolken-am-gewaltfreien-himmel\\\/\",\"name\":\"Dunkle Wolken am gewaltfreien Himmel - BusinessVillage - Verlag f\u00fcr die Wirtschaft\",\"isPartOf\":{\"@id\":\"https:\\\/\\\/www.businessvillage.de\\\/blog\\\/#website\"},\"primaryImageOfPage\":{\"@id\":\"https:\\\/\\\/www.businessvillage.de\\\/blog\\\/dunkle-wolken-am-gewaltfreien-himmel\\\/#primaryimage\"},\"image\":{\"@id\":\"https:\\\/\\\/www.businessvillage.de\\\/blog\\\/dunkle-wolken-am-gewaltfreien-himmel\\\/#primaryimage\"},\"thumbnailUrl\":\"https:\\\/\\\/www.businessvillage.de\\\/blog\\\/wp-content\\\/uploads\\\/2022\\\/06\\\/dunkle-wolken-gewaltfreier-himmel-nl.jpg\",\"datePublished\":\"2022-06-16T06:00:00+00:00\",\"description\":\"Gewaltfreie Kommunikation gilt vielen als Univeraltool. Konflikte l\u00f6sen, gewaltfrei erziehen oder Beziehungsprobleme l\u00f6sen - geht alles damit.\",\"breadcrumb\":{\"@id\":\"https:\\\/\\\/www.businessvillage.de\\\/blog\\\/dunkle-wolken-am-gewaltfreien-himmel\\\/#breadcrumb\"},\"inLanguage\":\"de\",\"potentialAction\":[{\"@type\":\"ReadAction\",\"target\":[\"https:\\\/\\\/www.businessvillage.de\\\/blog\\\/dunkle-wolken-am-gewaltfreien-himmel\\\/\"]}]},{\"@type\":\"ImageObject\",\"inLanguage\":\"de\",\"@id\":\"https:\\\/\\\/www.businessvillage.de\\\/blog\\\/dunkle-wolken-am-gewaltfreien-himmel\\\/#primaryimage\",\"url\":\"https:\\\/\\\/www.businessvillage.de\\\/blog\\\/wp-content\\\/uploads\\\/2022\\\/06\\\/dunkle-wolken-gewaltfreier-himmel-nl.jpg\",\"contentUrl\":\"https:\\\/\\\/www.businessvillage.de\\\/blog\\\/wp-content\\\/uploads\\\/2022\\\/06\\\/dunkle-wolken-gewaltfreier-himmel-nl.jpg\",\"width\":700,\"height\":300,\"caption\":\"Dunkle Wolken am gewaltfreien Himmel\"},{\"@type\":\"BreadcrumbList\",\"@id\":\"https:\\\/\\\/www.businessvillage.de\\\/blog\\\/dunkle-wolken-am-gewaltfreien-himmel\\\/#breadcrumb\",\"itemListElement\":[{\"@type\":\"ListItem\",\"position\":1,\"name\":\"Startseite\",\"item\":\"https:\\\/\\\/www.businessvillage.de\\\/blog\\\/\"},{\"@type\":\"ListItem\",\"position\":2,\"name\":\"Dunkle Wolken am gewaltfreien Himmel\"}]},{\"@type\":\"WebSite\",\"@id\":\"https:\\\/\\\/www.businessvillage.de\\\/blog\\\/#website\",\"url\":\"https:\\\/\\\/www.businessvillage.de\\\/blog\\\/\",\"name\":\"BusinessVillage - Verlag f\u00fcr die Wirtschaft\",\"description\":\"Das BusinessVillage Magazin\",\"publisher\":{\"@id\":\"https:\\\/\\\/www.businessvillage.de\\\/blog\\\/#organization\"},\"potentialAction\":[{\"@type\":\"SearchAction\",\"target\":{\"@type\":\"EntryPoint\",\"urlTemplate\":\"https:\\\/\\\/www.businessvillage.de\\\/blog\\\/?s={search_term_string}\"},\"query-input\":{\"@type\":\"PropertyValueSpecification\",\"valueRequired\":true,\"valueName\":\"search_term_string\"}}],\"inLanguage\":\"de\"},{\"@type\":\"Organization\",\"@id\":\"https:\\\/\\\/www.businessvillage.de\\\/blog\\\/#organization\",\"name\":\"BusinessVillage\",\"url\":\"https:\\\/\\\/www.businessvillage.de\\\/blog\\\/\",\"logo\":{\"@type\":\"ImageObject\",\"inLanguage\":\"de\",\"@id\":\"https:\\\/\\\/www.businessvillage.de\\\/blog\\\/#\\\/schema\\\/logo\\\/image\\\/\",\"url\":\"https:\\\/\\\/www.businessvillage.de\\\/blog\\\/wp-content\\\/uploads\\\/2021\\\/06\\\/businessvillage_logo.gif\",\"contentUrl\":\"https:\\\/\\\/www.businessvillage.de\\\/blog\\\/wp-content\\\/uploads\\\/2021\\\/06\\\/businessvillage_logo.gif\",\"width\":300,\"height\":77,\"caption\":\"BusinessVillage\"},\"image\":{\"@id\":\"https:\\\/\\\/www.businessvillage.de\\\/blog\\\/#\\\/schema\\\/logo\\\/image\\\/\"},\"sameAs\":[\"https:\\\/\\\/www.facebook.com\\\/BusinessVillage\\\/\",\"https:\\\/\\\/x.com\\\/businessvillage\",\"https:\\\/\\\/www.instagram.com\\\/businessvillage.verlag\",\"https:\\\/\\\/www.linkedin.com\\\/company\\\/636219\\\/\"]},{\"@type\":\"Person\",\"@id\":\"https:\\\/\\\/www.businessvillage.de\\\/blog\\\/#\\\/schema\\\/person\\\/37ba8bd304fe7a46c67b163df374bb1e\",\"name\":\"Markus Fischer\",\"image\":{\"@type\":\"ImageObject\",\"inLanguage\":\"de\",\"@id\":\"https:\\\/\\\/secure.gravatar.com\\\/avatar\\\/b2c8f0ac98696f449ae072c90ebee451f07fe96e245db1d90aa95ff6c6821318?s=96&d=mm&r=g\",\"url\":\"https:\\\/\\\/secure.gravatar.com\\\/avatar\\\/b2c8f0ac98696f449ae072c90ebee451f07fe96e245db1d90aa95ff6c6821318?s=96&d=mm&r=g\",\"contentUrl\":\"https:\\\/\\\/secure.gravatar.com\\\/avatar\\\/b2c8f0ac98696f449ae072c90ebee451f07fe96e245db1d90aa95ff6c6821318?s=96&d=mm&r=g\",\"caption\":\"Markus Fischer\"},\"description\":\"Markus Fischer, Dipl. Volkswirt, unterst\u00fctzt seit \u00fcber 20 Jahren die Kl\u00e4rung spannungsgeladener Beziehungen und wei\u00df von sich selbst, dass Konflikte selten willkommen sind. Als Pionier der Gewaltfreien Kommunikation in Deutschland ist er ein kritischer Denker geblieben. Heute begleitet er den Kulturwandel in Unternehmen nach dem Grundsatz: Freiheit gibt es nur mit Verantwortung.\",\"sameAs\":[\"http:\\\/\\\/www.knotenloesen.com\",\"https:\\\/\\\/www.linkedin.com\\\/in\\\/markus-fischer-b908605\\\/\"],\"url\":\"https:\\\/\\\/www.businessvillage.de\\\/blog\\\/author\\\/mfischer\\\/\"}]}<\/script>\n<!-- \/ Yoast SEO plugin. -->","yoast_head_json":{"title":"Dunkle Wolken am gewaltfreien Himmel - BusinessVillage - Verlag f\u00fcr die Wirtschaft","description":"Gewaltfreie Kommunikation gilt vielen als Univeraltool. Konflikte l\u00f6sen, gewaltfrei erziehen oder Beziehungsprobleme l\u00f6sen - geht alles damit.","robots":{"index":"index","follow":"follow","max-snippet":"max-snippet:-1","max-image-preview":"max-image-preview:large","max-video-preview":"max-video-preview:-1"},"canonical":"https:\/\/www.businessvillage.de\/blog\/dunkle-wolken-am-gewaltfreien-himmel\/","og_locale":"de_DE","og_type":"article","og_title":"Dunkle Wolken am gewaltfreien Himmel - BusinessVillage - Verlag f\u00fcr die Wirtschaft","og_description":"Gewaltfreie Kommunikation gilt vielen als Univeraltool. Konflikte l\u00f6sen, gewaltfrei erziehen oder Beziehungsprobleme l\u00f6sen - geht alles damit.","og_url":"https:\/\/www.businessvillage.de\/blog\/dunkle-wolken-am-gewaltfreien-himmel\/","og_site_name":"BusinessVillage - Verlag f\u00fcr die Wirtschaft","article_publisher":"https:\/\/www.facebook.com\/BusinessVillage\/","article_published_time":"2022-06-16T06:00:00+00:00","og_image":[{"width":1080,"height":1080,"url":"https:\/\/www.businessvillage.de\/blog\/wp-content\/uploads\/2022\/06\/dunkle-wolken-gewaltfreier-himmel-sm.jpg","type":"image\/jpeg"}],"author":"Markus Fischer","twitter_card":"summary_large_image","twitter_image":"https:\/\/www.businessvillage.de\/blog\/wp-content\/uploads\/2022\/06\/dunkle-wolken-gewaltfreier-himmel-sm.jpg","twitter_creator":"@businessvillage","twitter_site":"@businessvillage","twitter_misc":{"Verfasst von":"Markus Fischer","Gesch\u00e4tzte Lesezeit":"6\u00a0Minuten"},"schema":{"@context":"https:\/\/schema.org","@graph":[{"@type":"Article","@id":"https:\/\/www.businessvillage.de\/blog\/dunkle-wolken-am-gewaltfreien-himmel\/#article","isPartOf":{"@id":"https:\/\/www.businessvillage.de\/blog\/dunkle-wolken-am-gewaltfreien-himmel\/"},"author":{"name":"Markus Fischer","@id":"https:\/\/www.businessvillage.de\/blog\/#\/schema\/person\/37ba8bd304fe7a46c67b163df374bb1e"},"headline":"Dunkle Wolken am gewaltfreien Himmel","datePublished":"2022-06-16T06:00:00+00:00","mainEntityOfPage":{"@id":"https:\/\/www.businessvillage.de\/blog\/dunkle-wolken-am-gewaltfreien-himmel\/"},"wordCount":1014,"publisher":{"@id":"https:\/\/www.businessvillage.de\/blog\/#organization"},"image":{"@id":"https:\/\/www.businessvillage.de\/blog\/dunkle-wolken-am-gewaltfreien-himmel\/#primaryimage"},"thumbnailUrl":"https:\/\/www.businessvillage.de\/blog\/wp-content\/uploads\/2022\/06\/dunkle-wolken-gewaltfreier-himmel-nl.jpg","keywords":["Konflikte","Pers\u00f6nlichkeitsentwicklung","Rosenberg","Konflikte l\u00f6sen","Beziehung","Gewaltfreie Kommunikation"],"articleSection":["Selbstcoaching"],"inLanguage":"de"},{"@type":"WebPage","@id":"https:\/\/www.businessvillage.de\/blog\/dunkle-wolken-am-gewaltfreien-himmel\/","url":"https:\/\/www.businessvillage.de\/blog\/dunkle-wolken-am-gewaltfreien-himmel\/","name":"Dunkle Wolken am gewaltfreien Himmel - BusinessVillage - Verlag f\u00fcr die Wirtschaft","isPartOf":{"@id":"https:\/\/www.businessvillage.de\/blog\/#website"},"primaryImageOfPage":{"@id":"https:\/\/www.businessvillage.de\/blog\/dunkle-wolken-am-gewaltfreien-himmel\/#primaryimage"},"image":{"@id":"https:\/\/www.businessvillage.de\/blog\/dunkle-wolken-am-gewaltfreien-himmel\/#primaryimage"},"thumbnailUrl":"https:\/\/www.businessvillage.de\/blog\/wp-content\/uploads\/2022\/06\/dunkle-wolken-gewaltfreier-himmel-nl.jpg","datePublished":"2022-06-16T06:00:00+00:00","description":"Gewaltfreie Kommunikation gilt vielen als Univeraltool. Konflikte l\u00f6sen, gewaltfrei erziehen oder Beziehungsprobleme l\u00f6sen - geht alles damit.","breadcrumb":{"@id":"https:\/\/www.businessvillage.de\/blog\/dunkle-wolken-am-gewaltfreien-himmel\/#breadcrumb"},"inLanguage":"de","potentialAction":[{"@type":"ReadAction","target":["https:\/\/www.businessvillage.de\/blog\/dunkle-wolken-am-gewaltfreien-himmel\/"]}]},{"@type":"ImageObject","inLanguage":"de","@id":"https:\/\/www.businessvillage.de\/blog\/dunkle-wolken-am-gewaltfreien-himmel\/#primaryimage","url":"https:\/\/www.businessvillage.de\/blog\/wp-content\/uploads\/2022\/06\/dunkle-wolken-gewaltfreier-himmel-nl.jpg","contentUrl":"https:\/\/www.businessvillage.de\/blog\/wp-content\/uploads\/2022\/06\/dunkle-wolken-gewaltfreier-himmel-nl.jpg","width":700,"height":300,"caption":"Dunkle Wolken am gewaltfreien Himmel"},{"@type":"BreadcrumbList","@id":"https:\/\/www.businessvillage.de\/blog\/dunkle-wolken-am-gewaltfreien-himmel\/#breadcrumb","itemListElement":[{"@type":"ListItem","position":1,"name":"Startseite","item":"https:\/\/www.businessvillage.de\/blog\/"},{"@type":"ListItem","position":2,"name":"Dunkle Wolken am gewaltfreien Himmel"}]},{"@type":"WebSite","@id":"https:\/\/www.businessvillage.de\/blog\/#website","url":"https:\/\/www.businessvillage.de\/blog\/","name":"BusinessVillage - Verlag f\u00fcr die Wirtschaft","description":"Das BusinessVillage Magazin","publisher":{"@id":"https:\/\/www.businessvillage.de\/blog\/#organization"},"potentialAction":[{"@type":"SearchAction","target":{"@type":"EntryPoint","urlTemplate":"https:\/\/www.businessvillage.de\/blog\/?s={search_term_string}"},"query-input":{"@type":"PropertyValueSpecification","valueRequired":true,"valueName":"search_term_string"}}],"inLanguage":"de"},{"@type":"Organization","@id":"https:\/\/www.businessvillage.de\/blog\/#organization","name":"BusinessVillage","url":"https:\/\/www.businessvillage.de\/blog\/","logo":{"@type":"ImageObject","inLanguage":"de","@id":"https:\/\/www.businessvillage.de\/blog\/#\/schema\/logo\/image\/","url":"https:\/\/www.businessvillage.de\/blog\/wp-content\/uploads\/2021\/06\/businessvillage_logo.gif","contentUrl":"https:\/\/www.businessvillage.de\/blog\/wp-content\/uploads\/2021\/06\/businessvillage_logo.gif","width":300,"height":77,"caption":"BusinessVillage"},"image":{"@id":"https:\/\/www.businessvillage.de\/blog\/#\/schema\/logo\/image\/"},"sameAs":["https:\/\/www.facebook.com\/BusinessVillage\/","https:\/\/x.com\/businessvillage","https:\/\/www.instagram.com\/businessvillage.verlag","https:\/\/www.linkedin.com\/company\/636219\/"]},{"@type":"Person","@id":"https:\/\/www.businessvillage.de\/blog\/#\/schema\/person\/37ba8bd304fe7a46c67b163df374bb1e","name":"Markus Fischer","image":{"@type":"ImageObject","inLanguage":"de","@id":"https:\/\/secure.gravatar.com\/avatar\/b2c8f0ac98696f449ae072c90ebee451f07fe96e245db1d90aa95ff6c6821318?s=96&d=mm&r=g","url":"https:\/\/secure.gravatar.com\/avatar\/b2c8f0ac98696f449ae072c90ebee451f07fe96e245db1d90aa95ff6c6821318?s=96&d=mm&r=g","contentUrl":"https:\/\/secure.gravatar.com\/avatar\/b2c8f0ac98696f449ae072c90ebee451f07fe96e245db1d90aa95ff6c6821318?s=96&d=mm&r=g","caption":"Markus Fischer"},"description":"Markus Fischer, Dipl. Volkswirt, unterst\u00fctzt seit \u00fcber 20 Jahren die Kl\u00e4rung spannungsgeladener Beziehungen und wei\u00df von sich selbst, dass Konflikte selten willkommen sind. Als Pionier der Gewaltfreien Kommunikation in Deutschland ist er ein kritischer Denker geblieben. Heute begleitet er den Kulturwandel in Unternehmen nach dem Grundsatz: Freiheit gibt es nur mit Verantwortung.","sameAs":["http:\/\/www.knotenloesen.com","https:\/\/www.linkedin.com\/in\/markus-fischer-b908605\/"],"url":"https:\/\/www.businessvillage.de\/blog\/author\/mfischer\/"}]}},"_links":{"self":[{"href":"https:\/\/www.businessvillage.de\/blog\/wp-json\/wp\/v2\/posts\/10174","targetHints":{"allow":["GET"]}}],"collection":[{"href":"https:\/\/www.businessvillage.de\/blog\/wp-json\/wp\/v2\/posts"}],"about":[{"href":"https:\/\/www.businessvillage.de\/blog\/wp-json\/wp\/v2\/types\/post"}],"author":[{"embeddable":true,"href":"https:\/\/www.businessvillage.de\/blog\/wp-json\/wp\/v2\/users\/166"}],"replies":[{"embeddable":true,"href":"https:\/\/www.businessvillage.de\/blog\/wp-json\/wp\/v2\/comments?post=10174"}],"version-history":[{"count":10,"href":"https:\/\/www.businessvillage.de\/blog\/wp-json\/wp\/v2\/posts\/10174\/revisions"}],"predecessor-version":[{"id":10206,"href":"https:\/\/www.businessvillage.de\/blog\/wp-json\/wp\/v2\/posts\/10174\/revisions\/10206"}],"wp:featuredmedia":[{"embeddable":true,"href":"https:\/\/www.businessvillage.de\/blog\/wp-json\/wp\/v2\/media\/10180"}],"wp:attachment":[{"href":"https:\/\/www.businessvillage.de\/blog\/wp-json\/wp\/v2\/media?parent=10174"}],"wp:term":[{"taxonomy":"category","embeddable":true,"href":"https:\/\/www.businessvillage.de\/blog\/wp-json\/wp\/v2\/categories?post=10174"},{"taxonomy":"post_tag","embeddable":true,"href":"https:\/\/www.businessvillage.de\/blog\/wp-json\/wp\/v2\/tags?post=10174"}],"curies":[{"name":"wp","href":"https:\/\/api.w.org\/{rel}","templated":true}]}}